{"id":2360,"date":"2011-09-05T12:23:36","date_gmt":"2011-09-05T11:23:36","guid":{"rendered":"https:\/\/lgbt.fo\/2011\/09\/05\/samkynda-anna-stortrivist-i-vagi\/"},"modified":"2011-09-05T12:23:36","modified_gmt":"2011-09-05T11:23:36","slug":"samkynda-anna-stortrivist-i-vagi","status":"publish","type":"post","link":"https:\/\/lgbt.fo\/en\/2011\/09\/05\/samkynda-anna-stortrivist-i-vagi\/","title":{"rendered":"Samkynda Anna st\u00f3r\u00adtr\u00edvist \u00ed V\u00e1gi"},"content":{"rendered":"<p>\u00dar greinasavninum<\/p>\n<address><a href=\"https:\/\/i0.wp.com\/jay.lxn.mybluehost.me\/wp-content\/uploads\/2011\/09\/110218095939.jpg\"><img data-recalc-dims=\"1\" loading=\"lazy\" decoding=\"async\" data-attachment-id=\"1260\" data-permalink=\"https:\/\/lgbt.fo\/en\/13717202_1261590173852369_8954966378799884859_o\/\" data-orig-file=\"https:\/\/i0.wp.com\/lgbt.fo\/wp-content\/uploads\/2011\/06\/13717202_1261590173852369_8954966378799884859_o.jpg?fit=430%2C287&amp;ssl=1\" data-orig-size=\"430,287\" data-comments-opened=\"1\" data-image-meta=\"{&quot;aperture&quot;:&quot;0&quot;,&quot;credit&quot;:&quot;&quot;,&quot;camera&quot;:&quot;&quot;,&quot;caption&quot;:&quot;&quot;,&quot;created_timestamp&quot;:&quot;0&quot;,&quot;copyright&quot;:&quot;&quot;,&quot;focal_length&quot;:&quot;0&quot;,&quot;iso&quot;:&quot;0&quot;,&quot;shutter_speed&quot;:&quot;0&quot;,&quot;title&quot;:&quot;&quot;,&quot;orientation&quot;:&quot;0&quot;}\" data-image-title=\"Faroe Pride 2016\" data-image-description=\"\" data-image-caption=\"\" data-large-file=\"https:\/\/i0.wp.com\/lgbt.fo\/wp-content\/uploads\/2011\/06\/13717202_1261590173852369_8954966378799884859_o.jpg?fit=430%2C287&amp;ssl=1\" class=\"alignnone size-full wp-image-1260\" title=\"110218095939\" src=\"https:\/\/i0.wp.com\/lgbt.fo\/wp-content\/uploads\/2011\/09\/110218095939.jpg?resize=430%2C286&#038;ssl=1\" alt=\"\" width=\"430\" height=\"286\" \/><\/a><\/address>\n<p><strong>\u2013 Ta\u00f0 er l\u00e6tt hj\u00e1 m\u00e6r, at finna kvinnur, sum vilja royna samkynda vegin. Men at finna ein maka er ein onnur s\u00f8ga, sigur 24 \u00e1ra gamla Anna Djurhuus. Hon er samkynd og b\u00fdr \u00ed V\u00e1gi.<\/strong><\/p>\n<address>\u00a9 Sosialurin &#8211; Fr\u00edggjadagur 18. februar 2011<\/address>\n<p>24 \u00e1ra gamla v\u00e1gsgentan Anna Djur\u00adhuus hevur ongant\u00ed\u00f0 veri\u00f0 bangin fyri at standa vi\u00f0 s\u00edn samleika. Hon sm\u00e6\u00f0ist ikki, h\u00f3ast hon br\u00fdtur n\u00f3gv fr\u00e1 vanliga l\u00edvinum hj\u00e1 ungum f\u00f8r\u00adoyingum. Hon hevur alt\u00ed\u00f0 vita\u00f0, hv\u00f8r hon er, og \u00e1 ungum aldri greiddi hon familju, vinum og kenningum fr\u00e1 s\u00edn\u00adum seksualiteti.<\/p>\n<p><strong>V\u00e1gur er parad\u00eds \u00e1 j\u00f8r\u00f0<\/strong><br \/>\nH\u00f3ast mong helst ivast \u00ed, hvussu g\u00f3\u00f0ar umst\u00f8\u00f0urnar hj\u00e1 samkyndum munnu ver\u00f0a \u00ed F\u00f8royum, so er \u00ed \u00f8llum f\u00f8rum ein samkynd kvinna, sum heldur F\u00f8r\u00adoyar ver\u00f0a parad\u00eds \u00e1 j\u00f8r\u00f0.<br \/>\nAnna Djurhuus er f\u00f8dd og upp\u00advaksin \u00ed V\u00e1gi, og hon b\u00fdr har fram\u00advegis. \u00c1 ung\u00adum aldri varna\u00f0ist hon, at hon ikki var sum hinar vinkonurnar. Henni d\u00e1mdi gentur. Me\u00f0an hinar vinkonurnar tos\u00ada\u00f0u um dreingir, so var ta\u00f0 ikki eins \u00e1huga\u00advert fyri hana. Hon helt, at tankin um at mussa eina gentu var spennandi, h\u00f3ast hon ongant\u00ed\u00f0 hev\u00f0i roynt ta\u00f0.<br \/>\nSum 12 \u00e1ra gomul royndi hon fyri fyrstu fer\u00f0 at mussa eina gentu, og t\u00e1 hvarv ivin.<br \/>\n\u2013 Eg visti beinan vegin, at eg var til gentur. Ta\u00f0 f\u00f8ldist gott og r\u00e6tt upp\u00e1 all\u00adar m\u00e1tar at mussa eina gentu. Men eg var l\u00edvsr\u00e6dd fyri, hvat f\u00f3lk f\u00f3ru at siga. Hvat tey f\u00f3ru at halda um meg. Og um tey, sum eg eru g\u00f3\u00f0 vi\u00f0, f\u00f3ru at g\u00f3\u00f0\u00adtaka meg, grei\u00f0ur Anna fr\u00e1.<br \/>\nOg \u00edsta\u00f0in fyri at grei\u00f0a s\u00ednum n\u00e6r\u00admastu fr\u00e1 s\u00ednum kenslum, valdi hon at tiga ta\u00f0 burtur \u00ed v\u00f3nini um, at kensl\u00adurnar fyri gentum f\u00f3ru at hv\u00f8rva.<br \/>\n\u2013 Eg tr\u00fa\u00f0i eg kundi ignorera ta\u00f0, og helt ta\u00f0 t\u00ed innan \u00ed m\u00e6r \u00ed langa t\u00ed\u00f0, sigur Anna.<\/p>\n<p><strong>Sannleikin m\u00e1 fram<\/strong><br \/>\n\u00c1rini gingu, men kenslurnar hj\u00e1 Annu f\u00f3ru ongan veg. T\u00e6r v\u00f3ru v\u00e6l fjaldar, men sum ein tikkandi bumba brast Anna, t\u00e1 i\u00f0 hon var 14 \u00e1ra gomul.<br \/>\n\u2013 Eg m\u00e1tti siga ta\u00f0 fyri m\u00ednum n\u00e6rmastu. Eg kundi ikki halda ta\u00f0 innan \u00ed longur, t\u00ed ivin var ikki til sta\u00f0ar. Eg visti, at eg var til gentur, grei\u00f0ur Anna fr\u00e1.<br \/>\nSum 14 \u00e1r greiddi hon vinkonunum og beiggja s\u00ednum fr\u00e1 s\u00ednum kenslum. Men foreldrini fingu ikki sannleikan at vita, fyrr enn n\u00f8kur \u00e1r eftir. Mamman, t\u00e1 i\u00f0 Anna var 16 \u00e1r, og p\u00e1pin, t\u00e1 i\u00f0 Anna var 18 \u00e1r.<br \/>\n\u2013 Eg st\u00fardi fyri, hvussu mamma og p\u00e1pi f\u00f3ru at taka ta\u00f0. Men t\u00e1 i\u00f0 avtorna\u00f0i stu\u00f0la\u00f0u tey m\u00e6r, sigur Anna.<br \/>\nH\u00f3ast hon \u00ed fleiri \u00e1r hev\u00f0i bori\u00f0 \u00f3tta fyri ikki at ver\u00f0a g\u00f3\u00f0tikin, so v\u00edsti ta\u00f0 seg, at tey n\u00e6rmastu stu\u00f0la\u00f0u henni, t\u00e1 i\u00f0 hon greiddi teimium fr\u00e1 s\u00edn\u00adum loyndar\u00adm\u00e1li.<br \/>\n\u2013 Familjan og vinirnir hava ongan\u00adt\u00ed\u00f0 havt nakran trupulleika vi\u00f0, at eg eri samkynd. Summi blivu v\u00e6l skilj\u00adandi r\u00e6ttiliga bilsin, men tey hava alt\u00ed\u00f0 g\u00f3\u00f0\u00adtiki\u00f0 meg, sum eg eri. Ta\u00f0 er eri \u00f3tr\u00faliga gla\u00f0 fyri, grei\u00f0ur Anna Djurhuus fr\u00e1.<\/p>\n<p><strong>Samkynd skulu brenna \u00ed helviti<\/strong><br \/>\n\u00cd F\u00f8royum hevur seinastu \u00e1rini veri\u00f0 tosa\u00f0 n\u00f3gv um samkynd, teirra kor og r\u00e6ttindi. Anna Djurhuus hevur eisini uppliva\u00f0 n\u00f8kur neilig ting gj\u00f8gnum \u00e1r og dag, men \u00ed dag st\u00f3rtr\u00edvist hon \u00ed V\u00e1gi.<br \/>\n\u2013 Ta\u00f0 er fantastiskt at b\u00fagva \u00ed V\u00e1gi. Men ta\u00f0 havi eg eisini familju og vinum at takka fyri. Ta\u00f0 hevur ikki alt\u00ed\u00f0 veri\u00f0 l\u00e6tt, sigur Anna Djurhuus.<br \/>\nAt b\u00fagva \u00ed einum l\u00edtlum samfelag og \u00ed eini l\u00edtlari bygd sum V\u00e1g hevur eisini s\u00ednar ke\u00f0iligu s\u00ed\u00f0ur.<br \/>\n\u2013 Ta\u00f0 ringasta er slatur, sum mang\u00adan er \u00f3gvuliga s\u00e6randi. Men sam\u00adstund\u00adis kenni eg \u00f8ll her, og eg f\u00f8li meg trygga her, sigur Anna Djurhuus.<br \/>\nMen h\u00f3ast tryggleikan \u00ed V\u00e1gi, so eru ta\u00f0 summi, sum tr\u00fagva teimum so\u00adkall\u00ada\u00f0u mytunum um samkynd.<br \/>\n\u2013 Summi halda, at ta\u00f0 er ein sj\u00faka, sum smittar. Onnur halda, at eg eri at meta vi\u00f0 ein pedofil. Og summi halda ennt\u00e1, at eg havi uppibori\u00f0 at brenna \u00ed hel\u00adviti. Summi eru eisini bangin fyri, at samkynd royna eftir \u00f8llum av sama kyni. Ta\u00f0 geri eg altso ikki \u2013 eg eri r\u00e6ttiliga kr\u00e6sin, sigur Anna skemt\u00adandi.<br \/>\nHon hevur eisini roynt at b\u00fagva \u00ed Havn, men har var st\u00f8\u00f0an verri um naka\u00f0.<br \/>\n\u2013 Flestu ford\u00f3marnar og m\u00f3tst\u00f8\u00f0\u00aduna havi eg m\u00f8tt \u00ed Havn. Eg fekk ikki fri\u00f0 \u00ed Havnini, og eg fekk eisini n\u00f8kur h\u00f3tt\u00adandi sms-bo\u00f0. Men ta\u00f0 er h\u00f3ast alt n\u00f8k\u00adur \u00e1r s\u00ed\u00f0ani. V\u00f3nandi er st\u00f8\u00f0an broytt, sigur Anna Djurhuus.<br \/>\nTey h\u00f3ttandi sms-bo\u00f0ini settu s\u00edni spor, og hennara l\u00edv \u00ed Havnini var naka\u00f0 merkt at t\u00ed. Men hon valdi at taka fr\u00e1st\u00f8\u00f0u fr\u00e1 sl\u00edkum at\u00adbur\u00f0i og bara f\u00e1a s\u00e6r eitt n\u00fdtt, dult tele\u00adfon\u00adnummar.<br \/>\n\u2013 Tey skriva\u00f0u til m\u00edn, at eg ikki skuldi sprei\u00f0a sl\u00edka sj\u00faku \u00ed F\u00f8royum. Og at eg hev\u00f0i uppibori\u00f0 at brenna \u00ed helviti fyri m\u00ednar syndir, sigur Anna.<\/p>\n<p><strong>L\u00e6tt, at f\u00e1a eina damu vi\u00f0 heim<\/strong><br \/>\nFlest \u00f8ll vilja hava ein maka at liva l\u00edvi\u00f0 saman vi\u00f0, og solei\u00f0is er eisini vi\u00f0 Annu Djurhuus. Ein myta um samkynd er, at ta\u00f0 er trupult hj\u00e1 f\u00f8r\u00adoyskum sam\u00adkyndum kvinnum at finna ein maka ella eina at deila eina n\u00e1tt saman vi\u00f0. Men hendan trupul\u00adleikan kennir Anna Djurhuus ikki til.<br \/>\nAnna hevur veri\u00f0 \u00ed parlagi nakrar fer\u00f0ir, men hevur enn ikki funni\u00f0 s\u00edna einastu einu.<br \/>\n\u2013 Ta\u00f0 er eingin trupulleiki at finna s\u00e6r eina damu at taka vi\u00f0 heim eina n\u00e1tt. Men ta\u00f0 er naka\u00f0 verri at finna ein maka, sigur Anna Djurhuus.<br \/>\nSamfelagi\u00f0 er l\u00edti\u00f0, og kvinnur hava trupult vi\u00f0 at vi\u00f0urkenna s\u00edn samkynda hug vi\u00f0 at fara alment \u00ed eitt parlag vi\u00f0 henni.<\/p>\n<p><strong>B\u00f8rnini skulu kunnast um samkynd<\/strong><br \/>\nH\u00f3ast Anna tr\u00edvist v\u00e6l \u00ed F\u00f8royum, so eru summi vi\u00f0urskifti, sum hon fegin vildi broytt, fekk hon m\u00f8guleikan.<br \/>\n\u2013 Eg haldi, at b\u00f8rn og ung \u00ed F\u00f8r\u00adoyum skulu uppl\u00fdsast um samkynd. Ta\u00f0 hev\u00f0i av\u00adgj\u00f8rt minka\u00f0 um for\u00add\u00f3m\u00adarnar, sum f\u00f3lk hava m\u00f3ti sam\u00adkyndum. For\u00add\u00f3m\u00adar koma j\u00fa av \u00f3vitan, sigur Anna Djurhuus.<br \/>\nEisini heldur hon, at r\u00e6ttindini hj\u00e1 teimum samkyndu skulu betrast \u00ed F\u00f8r\u00adoyum.<br \/>\n\u2013 Eg vildi ynskt, at okkara r\u00e6ttindi gj\u00f8rdust betri. Til d\u00f8mis skr\u00e1sett par\u00adlag og \u00e6tt\u00adlei\u00f0ing, sigur Anna Djurhuus.<br \/>\nN\u00fa hava vit lisi\u00f0 n\u00f3gv um myt\u00adur m\u00f3t\u00advegis samkyndum, men ta\u00f0 er eisini ein myta um f\u00f8royska samfelag\u00adi\u00f0, sum Anna ger upp vi\u00f0.<br \/>\n\u2013 Um ein vil tr\u00edvast onkusta\u00f0ni, so er bara at gera naka\u00f0 fyri ta\u00f0. Ta\u00f0 er n\u00f3gv at takast vi\u00f0 her su\u00f0uri \u00ed V\u00e1gi, og eg hugni m\u00e6r \u00f3f\u00f8rt og livi eitt \u00bbnor\u00admalt\u00ab l\u00edv saman vi\u00f0 m\u00ednum n\u00e6r\u00admastu, sigur Anna Djurhuus, sum sl\u00e6r fast, at hon alt\u00ed\u00f0 vil b\u00fagva her \u00e1 klett\u00adunum.<\/p>","protected":false},"excerpt":{"rendered":"<p>\u00dar greinasavninum \u2013 Ta\u00f0 er l\u00e6tt hj\u00e1 m\u00e6r, at finna kvinnur, sum vilja royna samkynda vegin. Men at finna ein [&hellip;]<\/p>\n","protected":false},"author":182137770,"featured_media":0,"comment_status":"open","ping_status":"open","sticky":false,"template":"","format":"standard","meta":{"_uag_custom_page_level_css":"","site-sidebar-layout":"default","site-content-layout":"","ast-site-content-layout":"default","site-content-style":"default","site-sidebar-style":"default","ast-global-header-display":"","ast-banner-title-visibility":"","ast-main-header-display":"","ast-hfb-above-header-display":"","ast-hfb-below-header-display":"","ast-hfb-mobile-header-display":"","site-post-title":"","ast-breadcrumbs-content":"","ast-featured-img":"","footer-sml-layout":"","ast-disable-related-posts":"","theme-transparent-header-meta":"","adv-header-id-meta":"","stick-header-meta":"","header-above-stick-meta":"","header-main-stick-meta":"","header-below-stick-meta":"","astra-migrate-meta-layouts":"default","ast-page-background-enabled":"default","ast-page-background-meta":{"desktop":{"background-color":"var(--ast-global-color-5)","background-image":"","background-repeat":"repeat","background-position":"center center","background-size":"auto","background-attachment":"scroll","background-type":"","background-media":"","overlay-type":"","overlay-color":"","overlay-opacity":"","overlay-gradient":""},"tablet":{"background-color":"","background-image":"","background-repeat":"repeat","background-position":"center center","background-size":"auto","background-attachment":"scroll","background-type":"","background-media":"","overlay-type":"","overlay-color":"","overlay-opacity":"","overlay-gradient":""},"mobile":{"background-color":"","background-image":"","background-repeat":"repeat","background-position":"center center","background-size":"auto","background-attachment":"scroll","background-type":"","background-media":"","overlay-type":"","overlay-color":"","overlay-opacity":"","overlay-gradient":""}},"ast-content-background-meta":{"desktop":{"background-color":"var(--ast-global-color-4)","background-image":"","background-repeat":"repeat","background-position":"center center","background-size":"auto","background-attachment":"scroll","background-type":"","background-media":"","overlay-type":"","overlay-color":"","overlay-opacity":"","overlay-gradient":""},"tablet":{"background-color":"var(--ast-global-color-4)","background-image":"","background-repeat":"repeat","background-position":"center center","background-size":"auto","background-attachment":"scroll","background-type":"","background-media":"","overlay-type":"","overlay-color":"","overlay-opacity":"","overlay-gradient":""},"mobile":{"background-color":"var(--ast-global-color-4)","background-image":"","background-repeat":"repeat","background-position":"center center","background-size":"auto","background-attachment":"scroll","background-type":"","background-media":"","overlay-type":"","overlay-color":"","overlay-opacity":"","overlay-gradient":""}},"advanced_seo_description":"","jetpack_seo_html_title":"","jetpack_seo_noindex":false,"jetpack_seo_schema_type":"","_jetpack_newsletter_access":"","_jetpack_dont_email_post_to_subs":false,"_jetpack_newsletter_tier_id":0,"_jetpack_memberships_contains_paywalled_content":false,"_wpcom_ai_launchpad_first_post":false,"_jetpack_feature_clip_id":0,"_jetpack_memberships_contains_paid_content":false,"footnotes":"","jetpack_post_was_ever_published":false},"categories":[77613941],"tags":[],"class_list":["post-2360","post","type-post","status-publish","format-standard","hentry","category-tidindi"],"uagb_featured_image_src":{"full":false,"thumbnail":false,"medium":false,"medium_large":false,"large":false,"1536x1536":false,"2048x2048":false,"trp-custom-language-flag":false,"newspack-article-block-landscape-large":false,"newspack-article-block-portrait-large":false,"newspack-article-block-square-large":false,"newspack-article-block-landscape-medium":false,"newspack-article-block-portrait-medium":false,"newspack-article-block-square-medium":false,"newspack-article-block-landscape-intermediate":false,"newspack-article-block-portrait-intermediate":false,"newspack-article-block-square-intermediate":false,"newspack-article-block-landscape-small":false,"newspack-article-block-portrait-small":false,"newspack-article-block-square-small":false,"newspack-article-block-landscape-tiny":false,"newspack-article-block-portrait-tiny":false,"newspack-article-block-square-tiny":false,"newspack-article-block-uncropped":false,"mailpoet_newsletter_max":false,"woocommerce_thumbnail":false,"woocommerce_single":false,"woocommerce_gallery_thumbnail":false},"uagb_author_info":{"display_name":"unijoh","author_link":"https:\/\/lgbt.fo\/en\/author\/unijoh\/"},"uagb_comment_info":2,"uagb_excerpt":"\u00dar greinasavninum \u2013 Ta\u00f0 er l\u00e6tt hj\u00e1 m\u00e6r, at finna kvinnur, sum vilja royna samkynda vegin. Men at finna ein [&hellip;]","jetpack_sharing_enabled":true,"jetpack_shortlink":"https:\/\/wp.me\/pgp3sg-C4","jetpack_featured_media_url":"","_links":{"self":[{"href":"https:\/\/lgbt.fo\/en\/wp-json\/wp\/v2\/posts\/2360","targetHints":{"allow":["GET"]}}],"collection":[{"href":"https:\/\/lgbt.fo\/en\/wp-json\/wp\/v2\/posts"}],"about":[{"href":"https:\/\/lgbt.fo\/en\/wp-json\/wp\/v2\/types\/post"}],"author":[{"embeddable":true,"href":"https:\/\/lgbt.fo\/en\/wp-json\/wp\/v2\/users\/182137770"}],"replies":[{"embeddable":true,"href":"https:\/\/lgbt.fo\/en\/wp-json\/wp\/v2\/comments?post=2360"}],"version-history":[{"count":0,"href":"https:\/\/lgbt.fo\/en\/wp-json\/wp\/v2\/posts\/2360\/revisions"}],"wp:attachment":[{"href":"https:\/\/lgbt.fo\/en\/wp-json\/wp\/v2\/media?parent=2360"}],"wp:term":[{"taxonomy":"category","embeddable":true,"href":"https:\/\/lgbt.fo\/en\/wp-json\/wp\/v2\/categories?post=2360"},{"taxonomy":"post_tag","embeddable":true,"href":"https:\/\/lgbt.fo\/en\/wp-json\/wp\/v2\/tags?post=2360"}],"curies":[{"name":"wp","href":"https:\/\/api.w.org\/{rel}","templated":true}]}}