{"id":2338,"date":"2011-07-26T13:40:28","date_gmt":"2011-07-26T12:40:28","guid":{"rendered":"https:\/\/lgbt.fo\/2011\/07\/26\/verjuleysur-foroyskur-dokumentarfilmur-fra-1991\/"},"modified":"2011-07-26T13:40:28","modified_gmt":"2011-07-26T12:40:28","slug":"verjuleysur-foroyskur-dokumentarfilmur-fra-1991","status":"publish","type":"post","link":"https:\/\/lgbt.fo\/en\/2011\/07\/26\/verjuleysur-foroyskur-dokumentarfilmur-fra-1991\/","title":{"rendered":"Verjuleysur &#8211; F\u00f8royskur dokumentarfilmur fr\u00e1 1991"},"content":{"rendered":"<p><a href=\"https:\/\/i0.wp.com\/jay.lxn.mybluehost.me\/wp-content\/uploads\/2011\/07\/hannus.jpg\"><img data-recalc-dims=\"1\" loading=\"lazy\" decoding=\"async\" data-attachment-id=\"989\" data-permalink=\"https:\/\/lgbt.fo\/en\/heim-2\/faroepride2\/\" data-orig-file=\"https:\/\/i0.wp.com\/lgbt.fo\/wp-content\/uploads\/2025\/03\/FaroePride2.jpg?fit=2016%2C1094&amp;ssl=1\" data-orig-size=\"2016,1094\" data-comments-opened=\"1\" data-image-meta=\"{&quot;aperture&quot;:&quot;0&quot;,&quot;credit&quot;:&quot;&quot;,&quot;camera&quot;:&quot;&quot;,&quot;caption&quot;:&quot;&quot;,&quot;created_timestamp&quot;:&quot;0&quot;,&quot;copyright&quot;:&quot;&quot;,&quot;focal_length&quot;:&quot;0&quot;,&quot;iso&quot;:&quot;0&quot;,&quot;shutter_speed&quot;:&quot;0&quot;,&quot;title&quot;:&quot;&quot;,&quot;orientation&quot;:&quot;0&quot;}\" data-image-title=\"FaroePride2\" data-image-description=\"\" data-image-caption=\"\" data-large-file=\"https:\/\/i0.wp.com\/lgbt.fo\/wp-content\/uploads\/2025\/03\/FaroePride2.jpg?fit=1024%2C556&amp;ssl=1\" class=\"alignnone size-full wp-image-989\" title=\"hannus\" src=\"https:\/\/i0.wp.com\/lgbt.fo\/wp-content\/uploads\/2011\/07\/hannus.jpg?resize=430%2C329&#038;ssl=1\" alt=\"\" width=\"430\" height=\"329\" \/><\/a><\/p>\n<p>F\u00f8royskur dokumentarfilmur um AIDS-rakta Hannus Guttesen, sum lat l\u00edv av sj\u00fakuni \u00e1 sumri \u00ed 1991.<\/p>\n<p>Sendingin var\u00f0 fyrstu fer\u00f0 send \u00ed Sj\u00f3nvarp F\u00f8roya 13. oktober 1991.<\/p>\n<p>Dagmar Joensen-N\u00e6s gj\u00f8rdi sendingina.<\/p>\n<p>S\u00ed filmin <a href=\"http:\/\/vimeo.com\/26874520\" target=\"_blank\">her<\/a>.<\/p>\n<p>\u00a9 <em>Kringvarp F\u00f8royar eigur \u00f8ll r\u00e6ttindi til henda film<\/em><\/p>","protected":false},"excerpt":{"rendered":"<p>F\u00f8royskur dokumentarfilmur um AIDS-rakta Hannus Guttesen, sum lat l\u00edv av sj\u00fakuni \u00e1 sumri \u00ed 1991. Sendingin var\u00f0 fyrstu fer\u00f0 send [&hellip;]<\/p>\n","protected":false},"author":182137770,"featured_media":0,"comment_status":"open","ping_status":"open","sticky":false,"template":"","format":"standard","meta":{"_uag_custom_page_level_css":"","site-sidebar-layout":"default","site-content-layout":"","ast-site-content-layout":"default","site-content-style":"default","site-sidebar-style":"default","ast-global-header-display":"","ast-banner-title-visibility":"","ast-main-header-display":"","ast-hfb-above-header-display":"","ast-hfb-below-header-display":"","ast-hfb-mobile-header-display":"","site-post-title":"","ast-breadcrumbs-content":"","ast-featured-img":"","footer-sml-layout":"","ast-disable-related-posts":"","theme-transparent-header-meta":"","adv-header-id-meta":"","stick-header-meta":"","header-above-stick-meta":"","header-main-stick-meta":"","header-below-stick-meta":"","astra-migrate-meta-layouts":"default","ast-page-background-enabled":"default","ast-page-background-meta":{"desktop":{"background-color":"var(--ast-global-color-5)","background-image":"","background-repeat":"repeat","background-position":"center center","background-size":"auto","background-attachment":"scroll","background-type":"","background-media":"","overlay-type":"","overlay-color":"","overlay-opacity":"","overlay-gradient":""},"tablet":{"background-color":"","background-image":"","background-repeat":"repeat","background-position":"center center","background-size":"auto","background-attachment":"scroll","background-type":"","background-media":"","overlay-type":"","overlay-color":"","overlay-opacity":"","overlay-gradient":""},"mobile":{"background-color":"","background-image":"","background-repeat":"repeat","background-position":"center center","background-size":"auto","background-attachment":"scroll","background-type":"","background-media":"","overlay-type":"","overlay-color":"","overlay-opacity":"","overlay-gradient":""}},"ast-content-background-meta":{"desktop":{"background-color":"var(--ast-global-color-4)","background-image":"","background-repeat":"repeat","background-position":"center center","background-size":"auto","background-attachment":"scroll","background-type":"","background-media":"","overlay-type":"","overlay-color":"","overlay-opacity":"","overlay-gradient":""},"tablet":{"background-color":"var(--ast-global-color-4)","background-image":"","background-repeat":"repeat","background-position":"center center","background-size":"auto","background-attachment":"scroll","background-type":"","background-media":"","overlay-type":"","overlay-color":"","overlay-opacity":"","overlay-gradient":""},"mobile":{"background-color":"var(--ast-global-color-4)","background-image":"","background-repeat":"repeat","background-position":"center center","background-size":"auto","background-attachment":"scroll","background-type":"","background-media":"","overlay-type":"","overlay-color":"","overlay-opacity":"","overlay-gradient":""}},"advanced_seo_description":"","jetpack_seo_html_title":"","jetpack_seo_noindex":false,"jetpack_seo_schema_type":"","_jetpack_newsletter_access":"","_jetpack_dont_email_post_to_subs":false,"_jetpack_newsletter_tier_id":0,"_jetpack_memberships_contains_paywalled_content":false,"_wpcom_ai_launchpad_first_post":false,"_jetpack_feature_clip_id":0,"_jetpack_memberships_contains_paid_content":false,"footnotes":"","jetpack_post_was_ever_published":false},"categories":[77613941],"tags":[],"class_list":["post-2338","post","type-post","status-publish","format-standard","hentry","category-tidindi"],"uagb_featured_image_src":{"full":false,"thumbnail":false,"medium":false,"medium_large":false,"large":false,"1536x1536":false,"2048x2048":false,"trp-custom-language-flag":false,"newspack-article-block-landscape-large":false,"newspack-article-block-portrait-large":false,"newspack-article-block-square-large":false,"newspack-article-block-landscape-medium":false,"newspack-article-block-portrait-medium":false,"newspack-article-block-square-medium":false,"newspack-article-block-landscape-intermediate":false,"newspack-article-block-portrait-intermediate":false,"newspack-article-block-square-intermediate":false,"newspack-article-block-landscape-small":false,"newspack-article-block-portrait-small":false,"newspack-article-block-square-small":false,"newspack-article-block-landscape-tiny":false,"newspack-article-block-portrait-tiny":false,"newspack-article-block-square-tiny":false,"newspack-article-block-uncropped":false,"mailpoet_newsletter_max":false,"woocommerce_thumbnail":false,"woocommerce_single":false,"woocommerce_gallery_thumbnail":false},"uagb_author_info":{"display_name":"unijoh","author_link":"https:\/\/lgbt.fo\/en\/author\/unijoh\/"},"uagb_comment_info":0,"uagb_excerpt":"F\u00f8royskur dokumentarfilmur um AIDS-rakta Hannus Guttesen, sum lat l\u00edv av sj\u00fakuni \u00e1 sumri \u00ed 1991. Sendingin var\u00f0 fyrstu fer\u00f0 send [&hellip;]","jetpack_sharing_enabled":true,"jetpack_shortlink":"https:\/\/wp.me\/pgp3sg-BI","jetpack_featured_media_url":"","_links":{"self":[{"href":"https:\/\/lgbt.fo\/en\/wp-json\/wp\/v2\/posts\/2338","targetHints":{"allow":["GET"]}}],"collection":[{"href":"https:\/\/lgbt.fo\/en\/wp-json\/wp\/v2\/posts"}],"about":[{"href":"https:\/\/lgbt.fo\/en\/wp-json\/wp\/v2\/types\/post"}],"author":[{"embeddable":true,"href":"https:\/\/lgbt.fo\/en\/wp-json\/wp\/v2\/users\/182137770"}],"replies":[{"embeddable":true,"href":"https:\/\/lgbt.fo\/en\/wp-json\/wp\/v2\/comments?post=2338"}],"version-history":[{"count":0,"href":"https:\/\/lgbt.fo\/en\/wp-json\/wp\/v2\/posts\/2338\/revisions"}],"wp:attachment":[{"href":"https:\/\/lgbt.fo\/en\/wp-json\/wp\/v2\/media?parent=2338"}],"wp:term":[{"taxonomy":"category","embeddable":true,"href":"https:\/\/lgbt.fo\/en\/wp-json\/wp\/v2\/categories?post=2338"},{"taxonomy":"post_tag","embeddable":true,"href":"https:\/\/lgbt.fo\/en\/wp-json\/wp\/v2\/tags?post=2338"}],"curies":[{"name":"wp","href":"https:\/\/api.w.org\/{rel}","templated":true}]}}