{"id":2316,"date":"2012-04-15T07:02:40","date_gmt":"2012-04-15T06:02:40","guid":{"rendered":"https:\/\/lgbt.fo\/2012\/04\/15\/samkyndleiki-er-i-ollum-djorarikinum\/"},"modified":"2012-04-15T07:02:40","modified_gmt":"2012-04-15T06:02:40","slug":"samkyndleiki-er-i-ollum-djorarikinum","status":"publish","type":"post","link":"https:\/\/lgbt.fo\/en\/2012\/04\/15\/samkyndleiki-er-i-ollum-djorarikinum\/","title":{"rendered":"Samkyndleiki er \u00ed \u00f8llum dj\u00f3rar\u00edkinum"},"content":{"rendered":"<p><em>Sosialurin skrivar:<\/em><\/p>\n<p><strong>27. juli ver\u00f0ur skr\u00fa\u00f0gongan Faroe Pride \u00ed Havn, og sama dag letur upp ein frams\u00fdning um margfeldi \u00ed dj\u00f3rar\u00edkinum, millum menniskju og millum dj\u00f3r.<\/strong><\/p>\n<p><a href=\"https:\/\/i0.wp.com\/jay.lxn.mybluehost.me\/wp-content\/uploads\/2012\/04\/Sheep-Final-small.jpg\"><img data-recalc-dims=\"1\" loading=\"lazy\" decoding=\"async\" data-attachment-id=\"1913\" data-permalink=\"https:\/\/lgbt.fo\/en\/a24\/\" data-orig-file=\"https:\/\/i0.wp.com\/lgbt.fo\/wp-content\/uploads\/2012\/07\/a24.jpg?fit=430%2C363&amp;ssl=1\" data-orig-size=\"430,363\" data-comments-opened=\"1\" data-image-meta=\"{&quot;aperture&quot;:&quot;0&quot;,&quot;credit&quot;:&quot;&quot;,&quot;camera&quot;:&quot;&quot;,&quot;caption&quot;:&quot;&quot;,&quot;created_timestamp&quot;:&quot;0&quot;,&quot;copyright&quot;:&quot;&quot;,&quot;focal_length&quot;:&quot;0&quot;,&quot;iso&quot;:&quot;0&quot;,&quot;shutter_speed&quot;:&quot;0&quot;,&quot;title&quot;:&quot;&quot;,&quot;orientation&quot;:&quot;0&quot;}\" data-image-title=\"a24\" data-image-description=\"\" data-image-caption=\"\" data-large-file=\"https:\/\/i0.wp.com\/lgbt.fo\/wp-content\/uploads\/2012\/07\/a24.jpg?fit=430%2C363&amp;ssl=1\" class=\"alignnone size-full wp-image-1913\" title=\"Sheep-Final-small\" src=\"https:\/\/i0.wp.com\/lgbt.fo\/wp-content\/uploads\/2012\/04\/Sheep-Final-small.jpg?resize=430%2C574&#038;ssl=1\" alt=\"\" width=\"430\" height=\"574\" \/><\/a><\/p>\n<p>Veitst t\u00fa av, at fleiri tj\u00f8ldur eru samkynd, \u00e1 sama h\u00e1tt sum sey\u00f0ur, hundar, kettur, likkur, eiturkoppar og onnur dj\u00f3r?<br \/>\nTa\u00f0 er \u00fatgangsst\u00f8\u00f0i\u00f0 \u00ed frams\u00fdningini \u201cHvat er nat\u00farligt?\u201d, sum felagi\u00f0 LGBT, felag teirra samkyndum, tv\u00edkyndu og transpers\u00f3num \u00ed F\u00f8royum skipar fyri \u00ed summar.<br \/>\nHetta er eitt f\u00f8royskt tiltak \u00ed \u00fatnor\u00f0urh\u00f8pi.<br \/>\nAltj\u00f3\u00f0a gransking pr\u00f3gvar, at ta\u00f0 er l\u00edka vanligt millum dj\u00f3r sum millum menniskju, at n\u00f8kur eru samkynd.<br \/>\nFrams\u00fdningin fer at l\u00fdsa samkynd- og tv\u00edkyndleika\u00ed, listini \u00ed dj\u00f3raheiminum \u00ed \u00fatnor\u00f0i. Hetta er ein roynd at gera f\u00f8royingar varugar vi\u00f0, at samkyndleiki er ein nat\u00farligur partur av dj\u00f3raheiminum og \u00ed okkara egna heimi sum menniskju.<br \/>\nNor\u00f0urlendski Mentanargrunnurin hevur j\u00fast j\u00e1tta\u00f0 LBGT 100.000 kr\u00f3nur til frams\u00fdningina og til skr\u00fagonguna Faroe Parade, sum fer oman gj\u00f8gnum Havnina 27. juli.<\/p>\n<p><strong>Londini ymisk<\/strong><br \/>\nEiler Fagraklett, sum samskipar tilt\u00f8kini, heldur ta\u00f0 vera \u00e1hugavert, at tey tr\u00fd londini \u00ed \u00fatnor\u00f0i eru vi\u00f0, t\u00ed londini eru ymisk.<br \/>\n&#8211; \u00cd sland er komi\u00f0 langt b\u00e6\u00f0i vi\u00f0 l\u00f3garverkinum og mentanarliga vi\u00f0v\u00edkjandi samkyndum, Gr\u00f8nland er komi\u00f0 langt vi\u00f0 l\u00f3garverkinum, sum er danskt, men landi\u00f0 haltar \u00ed a\u00f0rar m\u00e1tar aftan\u00e1. F\u00f8royar liggja aftarliga vi\u00f0 l\u00f3garverkinum, men vi\u00f0 hugbur\u00f0inum flyta vit okkum \u00ed fullari fer\u00f0 frameftir, sigur Eiler Fagraklett.<br \/>\nFaroe Pride ver\u00f0ur sum nevnt 27. Juli, og \u00e6tlanin er at hava eina litfagra skr\u00fa\u00f0gongu vi\u00f0 t\u00f3nleiki og \u00f8llum oman gj\u00f8gnum b\u00fdin. Faroe Pride ste\u00f0gar \u00e1 Sk\u00e1latr\u00f8\u00f0, har t\u00f3nleikur og r\u00f8\u00f0ur ver\u00f0a at hoyra.<br \/>\nS\u00ed\u00f0an letur frams\u00fdningin upp \u00ed Fabrikkini hj\u00e1 \u00d8str\u00f8m. Henda frams\u00fdningin ver\u00f0ur ein fj\u00f8lbroytt frams\u00fdning, og fyrilestrar ver\u00f0a eisini hildnir. \u00datlendsk list ver\u00f0ur vi\u00f0, men r\u00e1\u00f0 eru ikki at bj\u00f3\u00f0a \u00fatlendskum listaf\u00f3lkum til haldi\u00f0. Fleiri f\u00f8roysk og listaf\u00f3lk \u00far \u00cdslandi og Gr\u00f8nlandi luttaka.<\/p>\n<p><strong>L\u00edv \u00ed \u00e1 Sk\u00e1latr\u00f8\u00f0<\/strong><br \/>\nOnkur \u00fatlendsk listaf\u00f3lk koma vi\u00f0 fyri egna rokning, og eitt n\u00fa hevur ein \u00edslendskur samkyndist\u00f3nleikab\u00f3lkur bo\u00f0a\u00f0 fr\u00e1 lutt\u00f8ku.<br \/>\nFyrilestrarnir ver\u00f0a fleiri. Kinna Poulsen fer at grei\u00f0a fr\u00e1 um samkyndleika \u00ed F\u00f8royskari list og um samkynd listaf\u00f3lk. Turi\u00f0 Sigur\u00f0ard\u00f3ttir fer at halda ein fyrilestur um samkyndleika \u00ed f\u00f8royskum b\u00f3kmentum.<br \/>\nAmerikanski antropologurin Dr. Schug fer at grei\u00f0a fr\u00e1 gransking av samkyndleika \u00ed dj\u00f3rar\u00edkinum. Hon hevur eisini veri \u00ed F\u00f8royum og granska vir\u00f0isgrundarlagi\u00f0, og hvussu ta\u00f0 flytir seg. Hesum fer hon at grei\u00f0a fr\u00e1 \u00ed fyrilestri s\u00ednum.<br \/>\nFrams\u00fdningin \u201chvat er natur\u00farligt?\u201d Heldur fram til 31. august. Harvi\u00f0 f\u00e1a mi\u00f0n\u00e1msn\u00e6mingar h\u00f8vi at vitja frams\u00fdningina.<\/p>","protected":false},"excerpt":{"rendered":"<p>Sosialurin skrivar: 27. juli ver\u00f0ur skr\u00fa\u00f0gongan Faroe Pride \u00ed Havn, og sama dag letur upp ein frams\u00fdning um margfeldi \u00ed [&hellip;]<\/p>\n","protected":false},"author":182137770,"featured_media":0,"comment_status":"open","ping_status":"open","sticky":false,"template":"","format":"standard","meta":{"_crdt_document":"","_uag_custom_page_level_css":"","site-sidebar-layout":"default","site-content-layout":"","ast-site-content-layout":"default","site-content-style":"default","site-sidebar-style":"default","ast-global-header-display":"","ast-banner-title-visibility":"","ast-main-header-display":"","ast-hfb-above-header-display":"","ast-hfb-below-header-display":"","ast-hfb-mobile-header-display":"","site-post-title":"","ast-breadcrumbs-content":"","ast-featured-img":"","footer-sml-layout":"","ast-disable-related-posts":"","theme-transparent-header-meta":"","adv-header-id-meta":"","stick-header-meta":"","header-above-stick-meta":"","header-main-stick-meta":"","header-below-stick-meta":"","astra-migrate-meta-layouts":"default","ast-page-background-enabled":"default","ast-page-background-meta":{"desktop":{"background-color":"var(--ast-global-color-5)","background-image":"","background-repeat":"repeat","background-position":"center center","background-size":"auto","background-attachment":"scroll","background-type":"","background-media":"","overlay-type":"","overlay-color":"","overlay-opacity":"","overlay-gradient":""},"tablet":{"background-color":"","background-image":"","background-repeat":"repeat","background-position":"center center","background-size":"auto","background-attachment":"scroll","background-type":"","background-media":"","overlay-type":"","overlay-color":"","overlay-opacity":"","overlay-gradient":""},"mobile":{"background-color":"","background-image":"","background-repeat":"repeat","background-position":"center center","background-size":"auto","background-attachment":"scroll","background-type":"","background-media":"","overlay-type":"","overlay-color":"","overlay-opacity":"","overlay-gradient":""}},"ast-content-background-meta":{"desktop":{"background-color":"var(--ast-global-color-4)","background-image":"","background-repeat":"repeat","background-position":"center center","background-size":"auto","background-attachment":"scroll","background-type":"","background-media":"","overlay-type":"","overlay-color":"","overlay-opacity":"","overlay-gradient":""},"tablet":{"background-color":"var(--ast-global-color-4)","background-image":"","background-repeat":"repeat","background-position":"center center","background-size":"auto","background-attachment":"scroll","background-type":"","background-media":"","overlay-type":"","overlay-color":"","overlay-opacity":"","overlay-gradient":""},"mobile":{"background-color":"var(--ast-global-color-4)","background-image":"","background-repeat":"repeat","background-position":"center center","background-size":"auto","background-attachment":"scroll","background-type":"","background-media":"","overlay-type":"","overlay-color":"","overlay-opacity":"","overlay-gradient":""}},"advanced_seo_description":"","jetpack_seo_html_title":"","jetpack_seo_noindex":false,"_jetpack_memberships_contains_paid_content":false,"footnotes":"","jetpack_publicize_message":"","jetpack_publicize_feature_enabled":true,"jetpack_social_post_already_shared":false,"jetpack_social_options":{"image_generator_settings":{"template":"highway","default_image_id":0,"font":"","enabled":false},"version":2},"_wpas_customize_per_network":false},"categories":[77613941],"tags":[77613946,77613947],"class_list":["post-2316","post","type-post","status-publish","format-standard","hentry","category-tidindi","tag-gay","tag-lgbt-foroyar"],"jetpack_publicize_connections":[],"jetpack_featured_media_url":"","uagb_featured_image_src":{"full":false,"thumbnail":false,"medium":false,"medium_large":false,"large":false,"1536x1536":false,"2048x2048":false,"trp-custom-language-flag":false,"newspack-article-block-landscape-large":false,"newspack-article-block-portrait-large":false,"newspack-article-block-square-large":false,"newspack-article-block-landscape-medium":false,"newspack-article-block-portrait-medium":false,"newspack-article-block-square-medium":false,"newspack-article-block-landscape-intermediate":false,"newspack-article-block-portrait-intermediate":false,"newspack-article-block-square-intermediate":false,"newspack-article-block-landscape-small":false,"newspack-article-block-portrait-small":false,"newspack-article-block-square-small":false,"newspack-article-block-landscape-tiny":false,"newspack-article-block-portrait-tiny":false,"newspack-article-block-square-tiny":false,"newspack-article-block-uncropped":false,"mailpoet_newsletter_max":false,"woocommerce_thumbnail":false,"woocommerce_single":false,"woocommerce_gallery_thumbnail":false},"uagb_author_info":{"display_name":"unijoh","author_link":"https:\/\/lgbt.fo\/en\/author\/unijoh\/"},"uagb_comment_info":0,"uagb_excerpt":"Sosialurin skrivar: 27. juli ver\u00f0ur skr\u00fa\u00f0gongan Faroe Pride \u00ed Havn, og sama dag letur upp ein frams\u00fdning um margfeldi \u00ed [&hellip;]","jetpack_sharing_enabled":true,"jetpack_shortlink":"https:\/\/wp.me\/pgp3sg-Bm","_links":{"self":[{"href":"https:\/\/lgbt.fo\/en\/wp-json\/wp\/v2\/posts\/2316","targetHints":{"allow":["GET"]}}],"collection":[{"href":"https:\/\/lgbt.fo\/en\/wp-json\/wp\/v2\/posts"}],"about":[{"href":"https:\/\/lgbt.fo\/en\/wp-json\/wp\/v2\/types\/post"}],"author":[{"embeddable":true,"href":"https:\/\/lgbt.fo\/en\/wp-json\/wp\/v2\/users\/182137770"}],"replies":[{"embeddable":true,"href":"https:\/\/lgbt.fo\/en\/wp-json\/wp\/v2\/comments?post=2316"}],"version-history":[{"count":0,"href":"https:\/\/lgbt.fo\/en\/wp-json\/wp\/v2\/posts\/2316\/revisions"}],"wp:attachment":[{"href":"https:\/\/lgbt.fo\/en\/wp-json\/wp\/v2\/media?parent=2316"}],"wp:term":[{"taxonomy":"category","embeddable":true,"href":"https:\/\/lgbt.fo\/en\/wp-json\/wp\/v2\/categories?post=2316"},{"taxonomy":"post_tag","embeddable":true,"href":"https:\/\/lgbt.fo\/en\/wp-json\/wp\/v2\/tags?post=2316"}],"curies":[{"name":"wp","href":"https:\/\/api.w.org\/{rel}","templated":true}]}}