{"id":2268,"date":"2012-09-27T17:01:47","date_gmt":"2012-09-27T16:01:47","guid":{"rendered":"https:\/\/lgbt.fo\/2012\/09\/27\/mallus-var-transvestitt\/"},"modified":"2012-09-27T17:01:47","modified_gmt":"2012-09-27T16:01:47","slug":"mallus-var-transvestitt","status":"publish","type":"post","link":"https:\/\/lgbt.fo\/en\/2012\/09\/27\/mallus-var-transvestitt\/","title":{"rendered":"S\u00f8gan um Mallus, i\u00f0 eisini var transvestitt"},"content":{"rendered":"<p><strong>Linga og Mallus v\u00f3ru systkin, f\u00f8dd \u00e1v\u00edkavist \u00ed 1890 og 1899 \u00e1 Sk\u00e1latoftum, sum t\u00e1 var minsta bygd \u00ed F\u00f8royum. Linga var s\u00f8gd at vera gandakelling og Mallus var skemtari og transvestitt.<\/strong><\/p>\n<p><a href=\"https:\/\/i0.wp.com\/jay.lxn.mybluehost.me\/wp-content\/uploads\/2012\/09\/aa5.jpg\"><img data-recalc-dims=\"1\" loading=\"lazy\" decoding=\"async\" class=\"alignnone size-full wp-image-2229\" title=\"aa5\" src=\"https:\/\/i0.wp.com\/lgbt.fo\/wp-content\/uploads\/2012\/09\/aa5.jpg?resize=430%2C432&#038;ssl=1\" alt=\"\" width=\"430\" height=\"432\" \/><\/a><\/p>\n<p>\u00c1 Sk\u00e1latoftum vuksu tey upp um 19. aldarskifti\u00f0. Familjan \u2013 foreldur og nevndu tvey b\u00f8rn \u2013 flutti til Klaksv\u00edkar \u00ed 1914, har tey bygdu s\u00e6r h\u00fas \u00e1 einari tr\u00f8\u00f0 nor\u00f0arlaga \u00e1 eysturs\u00ed\u00f0uni at kalla \u00ed einingi.<\/p>\n<p>Navni\u00f0 t\u00f3ku tey vi\u00f0 s\u00e6r, og hendan tr\u00f8\u00f0in hevur s\u00ed\u00f0ani havt sama heiti\u00f0 sum bygdin. Linga og Mallus v\u00f3ru b\u00e6\u00f0i \u00f3gift, og tey b\u00fa\u00f0u \u00e1 hesi \u201cn\u00fdggju\u201d Sk\u00e1latoftum alla \u00e6vi s\u00edna. Ta\u00f0 seinna teirra doy\u00f0i \u00ed 1982.<\/p>\n<p>Hetta v\u00f3ru sermerkt f\u00f3lk, sum settu f\u00f8tur \u00ed spenni \u00edm\u00f3ti n\u00fdggju t\u00ed\u00f0ini. Alt skuldi vera sum fyrr, og tey fingu s\u00e6r hv\u00f8rki ravmagn, telefon ella rennandi vatn ella naka\u00f0 anna\u00f0 av \u00f8ll t\u00ed n\u00fat\u00edmans, sum kom fram \u00ed 20. \u00f8ld.<\/p>\n<p>Tey livdu sum \u00e1 eini mi\u00f0aldaroyggj beint \u00ed n\u00fat\u00ed\u00f0arhavinum.<\/p>\n<p>L\u00edggjas \u00ed B\u00f8 hevur skriva\u00f0 b\u00f3k um systkini, og vit endurgeva n\u00f8kur brot \u00far b\u00f3kini ni\u00f0anfyri.<\/p>\n<p><a href=\"https:\/\/i0.wp.com\/jay.lxn.mybluehost.me\/wp-content\/uploads\/2012\/09\/10.jpg\"><img data-recalc-dims=\"1\" loading=\"lazy\" decoding=\"async\" data-attachment-id=\"2224\" data-permalink=\"https:\/\/lgbt.fo\/en\/pride21_3000x1150_fb-2-3\/\" data-orig-file=\"https:\/\/i0.wp.com\/lgbt.fo\/wp-content\/uploads\/2021\/07\/Pride21_3000x1150_FB-2-scaled-3.jpg?fit=2560%2C981&amp;ssl=1\" data-orig-size=\"2560,981\" data-comments-opened=\"1\" data-image-meta=\"{&quot;aperture&quot;:&quot;0&quot;,&quot;credit&quot;:&quot;&quot;,&quot;camera&quot;:&quot;&quot;,&quot;caption&quot;:&quot;&quot;,&quot;created_timestamp&quot;:&quot;0&quot;,&quot;copyright&quot;:&quot;&quot;,&quot;focal_length&quot;:&quot;0&quot;,&quot;iso&quot;:&quot;0&quot;,&quot;shutter_speed&quot;:&quot;0&quot;,&quot;title&quot;:&quot;&quot;,&quot;orientation&quot;:&quot;0&quot;}\" data-image-title=\"Pride21_3000x1150_FB-2\" data-image-description=\"\" data-image-caption=\"\" data-large-file=\"https:\/\/i0.wp.com\/lgbt.fo\/wp-content\/uploads\/2021\/07\/Pride21_3000x1150_FB-2-scaled-3.jpg?fit=1024%2C392&amp;ssl=1\" class=\"alignnone size-full wp-image-2224\" title=\"10\" src=\"https:\/\/i0.wp.com\/lgbt.fo\/wp-content\/uploads\/2012\/09\/10.jpg?resize=430%2C490&#038;ssl=1\" alt=\"\" width=\"430\" height=\"490\" \/><\/a><\/p>\n<h4><strong>Ymisk brot \u00far b\u00f3kini &#8220;Linga og Mallus &#8211; Tvey merkisf\u00f3lk av Sk\u00e1latoftum&#8221;<\/strong><\/h4>\n<p>T\u00e1 \u00ed t\u00ed\u00f0ini gingu sm\u00e1dreingir \u00ed kj\u00f3la, til teir v\u00f3ru 5-6 \u00e1ra gamlir. Fyrstu fer\u00f0 Mallus var \u00ed buksum, var aftan \u00e1, at tey v\u00f3ru flutt til Klaksv\u00edkar \u2013 t\u00e1 var hann 14-15 \u00e1ra gamal. Til ta t\u00ed\u00f0 hev\u00f0i hann bara gingi\u00f0 \u00ed kl\u00e6\u00f0um, sum hann hev\u00f0i \u201carva\u00f0\u201d fr\u00e1 systrini.<\/p>\n<p>___<\/p>\n<p>Flestu dreingir t\u00e1 \u00ed t\u00ed\u00f0ini f\u00f3ru til skips, t\u00e1 i\u00f0 teir v\u00f3ru fermdir. Men Mallus var so l\u00edti\u00f0 komin til mans, at hann egna\u00f0i seg neyvan til ta\u00f0 har\u00f0balna sj\u00f3l\u00edvi\u00f0.<\/p>\n<p><a href=\"https:\/\/i0.wp.com\/jay.lxn.mybluehost.me\/wp-content\/uploads\/2012\/09\/112.jpg\"><img data-recalc-dims=\"1\" loading=\"lazy\" decoding=\"async\" class=\"alignnone size-full wp-image-2227\" title=\"112\" src=\"https:\/\/i0.wp.com\/lgbt.fo\/wp-content\/uploads\/2012\/09\/112.jpg?resize=430%2C495&#038;ssl=1\" alt=\"\" width=\"430\" height=\"495\" \/><\/a><\/p>\n<p>Mallus var ikki sum a\u00f0rir menn. T\u00e1 i\u00f0 a\u00f0rir menn komu saman, v\u00f3ru \u00e1hugam\u00e1lini fyrst og fremst ve\u00f0ri\u00f0, hvussu ta\u00f0 gekst vi\u00f0 fiskiskapinum, hvussu sey\u00f0urin skarst, og hvussu ta\u00f0 royndist vi\u00f0 gr\u00f8\u00f0ini. Alt sl\u00edkt leg\u00f0i hann l\u00edka \u00ed.<\/p>\n<p>___<\/p>\n<p>Hann l\u00edkasum lyfti seg upp um tann gr\u00e1a og lei\u00f0iliga gerandisdagin og leit\u00a0 ni\u00f0ur yvir mannab\u00f8rnini og teirra f\u00e1fongdu st\u00e1kan \u00e1 foldum. Hannsara \u00e1hugi var ta\u00f0 l\u00e1turliga \u00ed og vi\u00f0 mannal\u00edvinum.<\/p>\n<p>___<\/p>\n<p>Yvirh\u00f8vur var Mallus v\u00e6l vi\u00f0 \u00f8ll. T\u00f3 seg\u00f0i hann einafer\u00f0, at hannhev\u00f0i bara tveir f\u00edggingdar, og teir v\u00f3ru Kj\u00f8lbro og Jens Kl\u00e6mint. Hann seg\u00f0i, at hesir b\u00e1\u00f0ari happa\u00f0u hann, eftir at hann var komin til Klaksv\u00edkar at vera. Hann og Jens Kl\u00e6mint v\u00f3ru skyldmenn, og Jens Kl\u00e6mint royndi at \u201cf\u00e1a skil upp \u00e1\u201d skyldmannin. Ta\u00f0 var eitt t\u00ed\u00f0arskei\u00f0, har Jens Kl\u00e6mint fekk Mallus at koma vi\u00f0 s\u00e6r til kristnar fundir \u00ed Betesda.<\/p>\n<p>___<\/p>\n<p>Ta\u00f0 er undarligt at siga ta\u00f0. Men \u00e1 mangan h\u00e1tt f\u00f3r Mallus at blomstra, t\u00e1 i\u00f0 Linga var farin. N\u00fa r\u00e1ddi hann sj\u00e1lvur og kundi gera, j\u00fast sum hann vildi&#8230;&#8230;Og serliga ein s\u00ed\u00f0a av manninum kom meira fram \u00ed dagin, sum hann hev\u00f0i veri\u00f0 noyddur at k\u00faga, me\u00f0an systurin livdi.<\/p>\n<p><a href=\"https:\/\/i0.wp.com\/jay.lxn.mybluehost.me\/wp-content\/uploads\/2012\/09\/8.jpg\"><img data-recalc-dims=\"1\" loading=\"lazy\" decoding=\"async\" data-attachment-id=\"2223\" data-permalink=\"https:\/\/lgbt.fo\/en\/pride21_3000x1150_fb-1-3\/\" data-orig-file=\"https:\/\/i0.wp.com\/lgbt.fo\/wp-content\/uploads\/2021\/07\/Pride21_3000x1150_FB-1-scaled-3.jpg?fit=2560%2C981&amp;ssl=1\" data-orig-size=\"2560,981\" data-comments-opened=\"1\" data-image-meta=\"{&quot;aperture&quot;:&quot;0&quot;,&quot;credit&quot;:&quot;&quot;,&quot;camera&quot;:&quot;&quot;,&quot;caption&quot;:&quot;&quot;,&quot;created_timestamp&quot;:&quot;0&quot;,&quot;copyright&quot;:&quot;&quot;,&quot;focal_length&quot;:&quot;0&quot;,&quot;iso&quot;:&quot;0&quot;,&quot;shutter_speed&quot;:&quot;0&quot;,&quot;title&quot;:&quot;&quot;,&quot;orientation&quot;:&quot;0&quot;}\" data-image-title=\"Pride21_3000x1150_FB-1\" data-image-description=\"\" data-image-caption=\"\" data-large-file=\"https:\/\/i0.wp.com\/lgbt.fo\/wp-content\/uploads\/2021\/07\/Pride21_3000x1150_FB-1-scaled-3.jpg?fit=1024%2C392&amp;ssl=1\" class=\"alignnone size-full wp-image-2223\" title=\"8\" src=\"https:\/\/i0.wp.com\/lgbt.fo\/wp-content\/uploads\/2012\/09\/8.jpg?resize=430%2C425&#038;ssl=1\" alt=\"\" width=\"430\" height=\"425\" \/><\/a><\/p>\n<h4><strong>Mallus var transvestittur<\/strong><\/h4>\n<p>Mallus var transvestittur. Eg kendi einki til hetta fyribrigdi\u00f0, og veit ikki enn r\u00e6ttliga, hvat liggur \u00ed hesum. Men ta\u00f0 er, \u00ed hvussu er, ein ovurhugur at ganga \u00ed konuf\u00f3lkakl\u00e6\u00f0um og at \u201csp\u00e6la\u201d konuf\u00f3lk.<\/p>\n<p>Onkunt\u00ed\u00f0 kundi hann taka til: \u201cN\u00fa hev\u00f0i veri\u00f0 stuttligt at veri\u00f0 \u00ed skj\u00farti!\u201d Hetta g\u00f3vu vit okkum ikki r\u00e6ttiliga far um, t\u00ed \u201cMallus var Mallus \u201c, og hann kundi siga so mangt.<\/p>\n<p>Stutt eftir, at Linga var farin, bey\u00f0 hann okkum b\u00e1\u00f0um Oddv\u00f8r og eg ni\u00f0an \u00e1 g\u00f3lvi\u00f0. Hann ba\u00f0 okkum eisini koma upp \u00e1 lofti\u00f0 at hyggja. \u00cd kamari hansara var eitt kl\u00e6dnask\u00e1p, og t\u00e1 i\u00f0 hann l\u00e6t hur\u00f0arnar upp, var ta\u00f0 \u00e1 tremur vi\u00f0 konuf\u00f3lkakl\u00e6\u00f0um. Kj\u00f3lar, blusur, skj\u00fart, troyggjur, br\u00f3sthaldarar os.fr.<\/p>\n<p>Og eftir hetta var hann almsamt oftari at s\u00edggja \u00ed konuf\u00f3lkakl\u00e6\u00f0um, mest inni hj\u00e1 s\u00e6r sj\u00e1lvum, men eisini uttandura. Og hann gekk inn \u00ed tey grannah\u00fas, har hann var \u201ctoldur\u201d \u00ed hesum kl\u00e6dnab\u00fana. Onkusta\u00f0ni r\u00f3ku tey hann \u00e1 dyr, t\u00e1 i\u00f0 hann kom solei\u00f0is \u00edlatin.<\/p>\n<h4><strong>Visti Linga um hetta?<\/strong><\/h4>\n<p>Henda s\u00f8gan kundi bent \u00e1, at systurin Linga visti ikki um henda veikleikan hj\u00e1 Mallusi.<\/p>\n<p>Einafer\u00f0 fann Linga ein damuhatt nir\u00f0i \u00ed kjallaranum. Hon undra\u00f0ist miki\u00f0, og t\u00f3k hattin vi\u00f0 s\u00e6r upp\u00e1.<\/p>\n<p><a href=\"https:\/\/i0.wp.com\/jay.lxn.mybluehost.me\/wp-content\/uploads\/2012\/09\/11.jpg\"><img data-recalc-dims=\"1\" loading=\"lazy\" decoding=\"async\" title=\"11\" src=\"https:\/\/i0.wp.com\/lgbt.fo\/wp-content\/uploads\/2012\/09\/11.jpg?resize=430%2C706&#038;ssl=1\" alt=\"\" width=\"430\" height=\"706\" \/><\/a><\/p>\n<p>Linga hev\u00f0i st\u00f3rt \u00e1lit \u00e1 Gretu, konu Aksals. Ein dagin fortaldi hon henni um henda l\u00f8gna tilbur\u00f0. Greta seg\u00f0i: \u201cT\u00fa skalt leggja hattin aftur, har sum hann l\u00e1\u201d. Linga so gj\u00f8rdi, og einafer\u00f0 seinni seg\u00f0i hon vi\u00f0 Gretu: \u201cR\u00e6tt hev\u00f0i t\u00fa.\u201d<\/p>\n<p>\u201cAlt kemur aftur uttan ta\u00f0, sum tj\u00f3vshond legst \u00e1\u201d siga vit.<\/p>\n<h4>Mallus og Daells varehus<\/h4>\n<p>Mallus kom ofta \u00e1 vitjan \u00fati hj\u00e1 Lindu og Georg at f\u00e1a s\u00e6r kaffi.\u00a0 Hann f\u00f3r vi\u00f0 b\u00e1ti s\u00ednum, V\u00ed\u00f0uni, yvir um v\u00e1nna.<\/p>\n<p>Har v\u00f3ru fimm d\u00f8tur \u00ed h\u00fasunum, og Mallusi d\u00e1mdi v\u00e6l at fjasa vi\u00f0 t\u00e6r. T\u00e6r hugsa\u00f0u als ikki um, at hann kanska var ikki j\u00fast sum a\u00f0rir menn. Nei, t\u00e6r g\u00f3\u00f0t\u00f3ku hann, j\u00fast sum hann var, og d\u00e1mdu hann sera v\u00e6l.<\/p>\n<p>Um v\u00e1rarnar komu pr\u00edslistarnir fr\u00e1 Daells og Sommers \u00ed hv\u00f8rt h\u00fas. Teir v\u00f3ru \u00e1 tremur vi\u00f0 n\u00fdggjum kl\u00e6\u00f0um, og har v\u00f3ru modellir og myndir, sum v\u00f3ru \u00f3f\u00f8ra lokkandi. Hv\u00f8r av teimum fimm systrunum var \u201cforfeingiligari\u201d enn onnur, so hetta var \u00f3f\u00f8ra spennandi. Men Mallus var minst l\u00edka spentur!<\/p>\n<p>Tey s\u00f3tu so \u00f8ll 6 vi\u00f0 eitt bor\u00f0 og bla\u00f0a\u00f0u og studera\u00f0u \u00f8ll hesi f\u00ednu kl\u00e6\u00f0ini og peika\u00f0u \u00e1, hvat hv\u00f8r ynskti s\u00e6r. Framfer\u00f0arh\u00e1tturin var tann, at t\u00e6r l\u00f8gdu navn til pakkan og kl\u00e6\u00f0ini, sum Mallus skuldi hava. Og so sluppu t\u00e6r at b\u00edleggja s\u00e6r okkurt afturfyri.<\/p>\n<p><a href=\"https:\/\/i0.wp.com\/jay.lxn.mybluehost.me\/wp-content\/uploads\/2012\/09\/dv1976_f_001.jpg\"><img data-recalc-dims=\"1\" loading=\"lazy\" decoding=\"async\" class=\"alignnone size-full wp-image-2238\" title=\"dv1976_f_001\" src=\"https:\/\/i0.wp.com\/lgbt.fo\/wp-content\/uploads\/2012\/09\/dv1976_f_001.jpg?resize=430%2C603&#038;ssl=1\" alt=\"\" width=\"430\" height=\"603\" \/><\/a><\/p>\n<p>T\u00e6r v\u00f3ru so miki\u00f0 ungar, at ta\u00f0 kom teimum ikki til hugs, at ta\u00f0 skuldi vera naka\u00f0 l\u00f8gi\u00f0 \u00ed t\u00ed, at Mallus \u00fatvega\u00f0i s\u00e6r konuf\u00f3lkakl\u00e6\u00f0ir.<\/p>\n<p>Ta\u00f0 var ikki fyrr enn n\u00f3gv seinni, t\u00e1 i\u00f0 t\u00e6r v\u00f3ru vaksnar, at t\u00e6r funnu \u00fat av, at ta\u00f0 var naka\u00f0 serligt vi\u00f0 Mallusi, og at ta\u00f0 he\u00f0vi eitt navn.<\/p>\n<p>Foreldrini vistu v\u00e6l av hesum, og tey kundi loynid\u00f3min hj\u00e1 Mallusi, men gj\u00f8rdu einki h\u00f3vast\u00e1k burtur\u00far. T\u00e1 i\u00f0 hon var\u00f0 spurd, svara\u00f0i mamman, at Mallus var ikki sum hini, men ta\u00f0 var einki ringt \u00ed honum.<\/p>\n<h4><strong>D\u00e1mdi v\u00e6l at vera avmynda\u00f0ur<\/strong><\/h4>\n<p><a href=\"https:\/\/i0.wp.com\/jay.lxn.mybluehost.me\/wp-content\/uploads\/2012\/09\/a5.jpg\"><img data-recalc-dims=\"1\" loading=\"lazy\" decoding=\"async\" class=\"alignnone size-full wp-image-2228\" title=\"a5\" src=\"https:\/\/i0.wp.com\/lgbt.fo\/wp-content\/uploads\/2012\/09\/a5.jpg?resize=430%2C449&#038;ssl=1\" alt=\"\" width=\"430\" height=\"449\" \/><\/a><\/p>\n<p>Inn til okkara gekk hann javnan \u00ed konuf\u00f3lkakl\u00e6\u00f0um, \u00ed skj\u00farti, nylon-sokkum og h\u00f8gum hali.<\/p>\n<p>Honum d\u00e1mdi v\u00e6l, at myndir v\u00f3r\u00f0u tiknar av honum. Og hann ba\u00f0 meg koma ni\u00f0an at filma seg, og ta\u00f0 gj\u00f8rdi eg. Hann gekk og st\u00e1ka\u00f0ist \u00ed k\u00f8kinum sum ein onnur kona \u2013 \u00ed fyrikl\u00e6\u00f0i. F\u00f3r \u00fat \u00edm\u00f3ti k\u00f8ksvindeyganum og st\u00f3\u00f0 so ansalig(ur) og hugdi \u00fat. So leg\u00f0i hann seg \u00e1 kn\u00e6 at vaska g\u00f3lv. S\u00ed\u00f0ani f\u00f3r hann \u00fat, berandi vi\u00f0 onkrum at seta \u00ed eitt flugusk\u00e1p uttanfyri.<\/p>\n<p>Vi\u00f0hv\u00f8rt vann n\u00e1tt\u00faran \u00e1 \u201cupptuktilsinum\u201d \u2013 hann skr\u00e1a\u00f0i, og beint sum hann sp\u00e6ldi f\u00edn dama, gloymdi hann hetta, so henda f\u00edna daman knappliga spr\u00e6ndi eitt f\u00falt skr\u00e1sp\u00fdtt fram \u00far s\u00e6r.<\/p>\n<h4><strong>Adilborg seymar skj\u00fart<\/strong><\/h4>\n<p>Einafer\u00f0 ba\u00f0 Mallus Adilborg (konu Kiss) seyma s\u00e6r eitt skj\u00fart. Ta\u00f0 var gaman \u00ed. So ein dagin kom hann vi\u00f0 einum bl\u00f3\u00f0rey\u00f0um toystykki at seyma burtur\u00far.<\/p>\n<p>Har skuldi eingir knappar ella snarl\u00e1s ella t\u00edl\u00edkt vera. Ta\u00f0 skuldi bara vera elastikk um mi\u00f0juna, so at ta\u00f0 var l\u00e6tt at fara \u00far og \u00ed.<\/p>\n<p>Ta\u00f0 er helst ikki so vanligt at vera transvestittur. Mallus hevur ivaleyst varnast, at hann var ikki sum onnur mannf\u00f3lk, men hann hevur neyvan vita, hvar ta\u00f0 var, sum var \u00f8\u00f0rv\u00edsi. Og neyvan hevur hann nakrant\u00ed\u00f0 \u00ed l\u00edvinum hitt nakran, sum var \u00ed somu st\u00f8\u00f0u sum hann.<\/p>\n<p><a href=\"https:\/\/i0.wp.com\/jay.lxn.mybluehost.me\/wp-content\/uploads\/2012\/09\/1.jpg\"><img data-recalc-dims=\"1\" loading=\"lazy\" decoding=\"async\" data-attachment-id=\"2222\" data-permalink=\"https:\/\/lgbt.fo\/en\/wonder-boy-3\/\" data-orig-file=\"https:\/\/i0.wp.com\/lgbt.fo\/wp-content\/uploads\/2021\/07\/c512cb04-e9bf-4ad3-8149-0295909a79c5-scaled-3.jpg?fit=2560%2C1056&amp;ssl=1\" data-orig-size=\"2560,1056\" data-comments-opened=\"1\" data-image-meta=\"{&quot;aperture&quot;:&quot;0&quot;,&quot;credit&quot;:&quot;&quot;,&quot;camera&quot;:&quot;&quot;,&quot;caption&quot;:&quot;Olivier Rousteing, directeur artistique chez Balmain&quot;,&quot;created_timestamp&quot;:&quot;0&quot;,&quot;copyright&quot;:&quot;STELLA MARIS PICTURES&quot;,&quot;focal_length&quot;:&quot;0&quot;,&quot;iso&quot;:&quot;0&quot;,&quot;shutter_speed&quot;:&quot;0&quot;,&quot;title&quot;:&quot;WONDER BOY&quot;,&quot;orientation&quot;:&quot;1&quot;}\" data-image-title=\"WONDER BOY\" data-image-description=\"\" data-image-caption=\"&lt;p&gt;Olivier Rousteing, directeur artistique chez Balmain&lt;\/p&gt;\" data-large-file=\"https:\/\/i0.wp.com\/lgbt.fo\/wp-content\/uploads\/2021\/07\/c512cb04-e9bf-4ad3-8149-0295909a79c5-scaled-3.jpg?fit=1024%2C422&amp;ssl=1\" class=\"alignnone size-full wp-image-2222\" title=\"1\" src=\"https:\/\/i0.wp.com\/lgbt.fo\/wp-content\/uploads\/2012\/09\/1.jpg?resize=430%2C635&#038;ssl=1\" alt=\"\" width=\"430\" height=\"635\" \/><\/a><\/p>\n<p>B\u00f3kin hj\u00e1 L\u00edggjasi \u00ed B\u00f8, &#8220;Linga og Mallus&#8221;, er \u00fatseld, men dagf\u00f8rd \u00fatg\u00e1va kemur \u00e6tlandi \u00fat til j\u00f3lar.<\/p>\n<p>&nbsp;<\/p>\n<p><strong>\u00a9\u00a0Copyright: <\/strong>Forlagi\u00f0 Status og L\u00edggjast \u00ed B\u00f8<\/p>","protected":false},"excerpt":{"rendered":"<p>Linga og Mallus v\u00f3ru systkin, f\u00f8dd \u00e1v\u00edkavist \u00ed 1890 og 1899 \u00e1 Sk\u00e1latoftum, sum t\u00e1 var minsta bygd \u00ed F\u00f8royum. [&hellip;]<\/p>\n","protected":false},"author":182137770,"featured_media":0,"comment_status":"open","ping_status":"open","sticky":false,"template":"","format":"standard","meta":{"_uag_custom_page_level_css":"","site-sidebar-layout":"default","site-content-layout":"","ast-site-content-layout":"default","site-content-style":"default","site-sidebar-style":"default","ast-global-header-display":"","ast-banner-title-visibility":"","ast-main-header-display":"","ast-hfb-above-header-display":"","ast-hfb-below-header-display":"","ast-hfb-mobile-header-display":"","site-post-title":"","ast-breadcrumbs-content":"","ast-featured-img":"","footer-sml-layout":"","ast-disable-related-posts":"","theme-transparent-header-meta":"","adv-header-id-meta":"","stick-header-meta":"","header-above-stick-meta":"","header-main-stick-meta":"","header-below-stick-meta":"","astra-migrate-meta-layouts":"default","ast-page-background-enabled":"default","ast-page-background-meta":{"desktop":{"background-color":"var(--ast-global-color-5)","background-image":"","background-repeat":"repeat","background-position":"center center","background-size":"auto","background-attachment":"scroll","background-type":"","background-media":"","overlay-type":"","overlay-color":"","overlay-opacity":"","overlay-gradient":""},"tablet":{"background-color":"","background-image":"","background-repeat":"repeat","background-position":"center center","background-size":"auto","background-attachment":"scroll","background-type":"","background-media":"","overlay-type":"","overlay-color":"","overlay-opacity":"","overlay-gradient":""},"mobile":{"background-color":"","background-image":"","background-repeat":"repeat","background-position":"center center","background-size":"auto","background-attachment":"scroll","background-type":"","background-media":"","overlay-type":"","overlay-color":"","overlay-opacity":"","overlay-gradient":""}},"ast-content-background-meta":{"desktop":{"background-color":"var(--ast-global-color-4)","background-image":"","background-repeat":"repeat","background-position":"center center","background-size":"auto","background-attachment":"scroll","background-type":"","background-media":"","overlay-type":"","overlay-color":"","overlay-opacity":"","overlay-gradient":""},"tablet":{"background-color":"var(--ast-global-color-4)","background-image":"","background-repeat":"repeat","background-position":"center center","background-size":"auto","background-attachment":"scroll","background-type":"","background-media":"","overlay-type":"","overlay-color":"","overlay-opacity":"","overlay-gradient":""},"mobile":{"background-color":"var(--ast-global-color-4)","background-image":"","background-repeat":"repeat","background-position":"center center","background-size":"auto","background-attachment":"scroll","background-type":"","background-media":"","overlay-type":"","overlay-color":"","overlay-opacity":"","overlay-gradient":""}},"advanced_seo_description":"","jetpack_seo_html_title":"","jetpack_seo_noindex":false,"jetpack_seo_schema_type":"","_jetpack_newsletter_access":"","_jetpack_dont_email_post_to_subs":false,"_jetpack_newsletter_tier_id":0,"_jetpack_memberships_contains_paywalled_content":false,"_wpcom_ai_launchpad_first_post":false,"_jetpack_feature_clip_id":0,"_jetpack_memberships_contains_paid_content":false,"footnotes":"","jetpack_post_was_ever_published":false},"categories":[77613941],"tags":[],"class_list":["post-2268","post","type-post","status-publish","format-standard","hentry","category-tidindi"],"uagb_featured_image_src":{"full":false,"thumbnail":false,"medium":false,"medium_large":false,"large":false,"1536x1536":false,"2048x2048":false,"trp-custom-language-flag":false,"newspack-article-block-landscape-large":false,"newspack-article-block-portrait-large":false,"newspack-article-block-square-large":false,"newspack-article-block-landscape-medium":false,"newspack-article-block-portrait-medium":false,"newspack-article-block-square-medium":false,"newspack-article-block-landscape-intermediate":false,"newspack-article-block-portrait-intermediate":false,"newspack-article-block-square-intermediate":false,"newspack-article-block-landscape-small":false,"newspack-article-block-portrait-small":false,"newspack-article-block-square-small":false,"newspack-article-block-landscape-tiny":false,"newspack-article-block-portrait-tiny":false,"newspack-article-block-square-tiny":false,"newspack-article-block-uncropped":false,"mailpoet_newsletter_max":false,"woocommerce_thumbnail":false,"woocommerce_single":false,"woocommerce_gallery_thumbnail":false},"uagb_author_info":{"display_name":"unijoh","author_link":"https:\/\/lgbt.fo\/en\/author\/unijoh\/"},"uagb_comment_info":0,"uagb_excerpt":"Linga og Mallus v\u00f3ru systkin, f\u00f8dd \u00e1v\u00edkavist \u00ed 1890 og 1899 \u00e1 Sk\u00e1latoftum, sum t\u00e1 var minsta bygd \u00ed F\u00f8royum. [&hellip;]","jetpack_sharing_enabled":true,"jetpack_shortlink":"https:\/\/wp.me\/pgp3sg-AA","jetpack_featured_media_url":"","_links":{"self":[{"href":"https:\/\/lgbt.fo\/en\/wp-json\/wp\/v2\/posts\/2268","targetHints":{"allow":["GET"]}}],"collection":[{"href":"https:\/\/lgbt.fo\/en\/wp-json\/wp\/v2\/posts"}],"about":[{"href":"https:\/\/lgbt.fo\/en\/wp-json\/wp\/v2\/types\/post"}],"author":[{"embeddable":true,"href":"https:\/\/lgbt.fo\/en\/wp-json\/wp\/v2\/users\/182137770"}],"replies":[{"embeddable":true,"href":"https:\/\/lgbt.fo\/en\/wp-json\/wp\/v2\/comments?post=2268"}],"version-history":[{"count":0,"href":"https:\/\/lgbt.fo\/en\/wp-json\/wp\/v2\/posts\/2268\/revisions"}],"wp:attachment":[{"href":"https:\/\/lgbt.fo\/en\/wp-json\/wp\/v2\/media?parent=2268"}],"wp:term":[{"taxonomy":"category","embeddable":true,"href":"https:\/\/lgbt.fo\/en\/wp-json\/wp\/v2\/categories?post=2268"},{"taxonomy":"post_tag","embeddable":true,"href":"https:\/\/lgbt.fo\/en\/wp-json\/wp\/v2\/tags?post=2268"}],"curies":[{"name":"wp","href":"https:\/\/api.w.org\/{rel}","templated":true}]}}