{"id":2254,"date":"2021-07-20T20:04:31","date_gmt":"2021-07-20T19:04:31","guid":{"rendered":"https:\/\/lgbt.fo\/2021\/07\/20\/rullandi-faroe-pride-2021\/"},"modified":"2021-07-20T20:04:31","modified_gmt":"2021-07-20T19:04:31","slug":"rullandi-faroe-pride-2021","status":"publish","type":"post","link":"https:\/\/lgbt.fo\/en\/2021\/07\/20\/rullandi-faroe-pride-2021\/","title":{"rendered":"Rullandi Faroe Pride 2021"},"content":{"rendered":"<figure class=\"wp-block-image size-large is-style-default\"><img data-recalc-dims=\"1\" decoding=\"async\" src=\"https:\/\/i0.wp.com\/lgbt.fo\/wp-content\/uploads\/2021\/07\/Pride21_3000x1150_FB-3-scaled-3.jpg?ssl=1\" alt=\"\" class=\"wp-image-3444\"\/><\/figure>\n\n\n\n<p class=\"wp-block-paragraph\">27. juli kl. 17 rullar \u00e1rins Faroe Pride avsta\u00f0 \u2013 b\u00f3kstaviliga! &nbsp;Faroe Pride, sum vit kenna hana, bleiv avl\u00fdst vegna koronu, men ta\u00f0 n\u00fdtist ikki at merkja, at slett ongin Pride skal vera \u00ed \u00e1r. T\u00ed var funni\u00f0 upp\u00e1 r\u00e1\u00f0 og \u00edsta\u00f0in fyri at ganga oman havnar g\u00f8tur, ver\u00f0ur \u00e1rsins Faroe Pride skipa sum ein rekkjukoyring. N\u00fa undirsj\u00f3vartunnilin ger ta\u00f0 l\u00e6tt og \u00f3makaleyst at fara lei\u00f0ina til Sk\u00e1lafj\u00f8r\u00f0in, fer Faroe Pride fyri fyrstu fer \u00far Havnini og inn \u00e1 Sk\u00e1lafj\u00f8r\u00f0in. Sostatt gerst Pride\u2019in, sum ikki skuldi vera, n\u00fa til st\u00f8rsta Faroe Pride nakrant\u00ed\u00f0. Hetta er samstundis fr\u00e1l\u00edkt h\u00f8vi at h\u00e1t\u00ed\u00f0arhalda 10 \u00e1ra dagin hj\u00e1 LGBT F\u00f8royar.<\/p>\n\n\n\n<p class=\"wp-block-paragraph\"><strong>Pride rekkjukoyring<\/strong><\/p>\n\n\n\n<p class=\"wp-block-paragraph\">\u00c1rsins Faroe Pride ver\u00f0ur skipa\u00f0 vi\u00f0 \u00edbl\u00e1stri fr\u00e1 j\u00f3larekkjukoyringini, sum hevur veri\u00f0 vestri \u00ed v\u00e1gum seinastu mongu \u00e1rini. Eins og vi\u00f0 t\u00ed rekkjukoyringini, ver\u00f0ur lagt upp til, at f\u00f3lk pr\u00fd\u00f0a bilarnar \u00ed besta Pride-st\u00edli. Ta\u00f0 kann vera alt fr\u00e1 fl\u00f8ggum og ball\u00f3num til litf\u00f8gur klistur og bl\u00f3mur. Ta\u00f0 er bara hugflogi\u00f0, i\u00f0 setir m\u00f8rk!<\/p>\n\n\n\n<p class=\"wp-block-paragraph\">Bilarnir hittast \u00e1 Hjalla kl. 16.30 har seinasta hond ver\u00f0ur l\u00f8gd \u00e1 at pr\u00fd\u00f0a bilarnar. S\u00ed\u00f0an ver\u00f0ur rekkjan skipa sum vanligt, har eitt n\u00fa ungmannafel\u00f8gini koyra fremst og s\u00ed\u00f0an restin av bilunum. Koyrt ver\u00f0ur av Hjalla kl. 17 og so gongur lei\u00f0in gj\u00f8gnum Eysturoyartunnilin og upp \u00e1 Strondum. Koyrt ver\u00f0ur kring Sk\u00e1lafj\u00f8r\u00f0in til Runav\u00edkar og aftur gj\u00f8gnum Eysturoyartunnilin til Havnar. T\u00e1 gongur lei\u00f0in framvi\u00f0 \u00fati \u00e1 G\u00f8tu, oman L\u00f8gmannabreyt, eftir Vegnum langa, oman Sundsveg, framvi\u00f0 Nor\u00f0urlandah\u00fasinum og eftir Marknagilsvegnum, yvir um br\u00fanna til Argir, oman Tra\u00f0arg\u00f8tu og St\u00f8\u00f0lag\u00f8tu, framvi\u00f0 Eikini og Landssj\u00fakrah\u00fasinum, oman J\u00f3anesar Patursonarg\u00f8tu og ste\u00f0ga so eina l\u00edtla l\u00f8tu \u00ed Steinat\u00fani. T\u00e1 bilarnir koyra vi\u00f0ari \u00far Steinat\u00fani umlei\u00f0 kl. 19 er Pride-rekkjukoyringin li\u00f0ug.<\/p>\n\n\n\n<p class=\"wp-block-paragraph\">Ein sendari ver\u00f0ur vi\u00f0 \u00ed rekkjukoyringini, so allir bilarnir og tey sum b\u00fagva \u00ed grannalagnum, har bilarnir koyra, kunnu lurta eftir r\u00e1sini og hoyra g\u00f3\u00f0an t\u00f3nleik, pr\u00e1t og fylgja vi\u00f0, hvat annars hendir \u00e1 t\u00farinum. Kunna ver\u00f0ur um, hv\u00f8r kanal sent ver\u00f0ur fr\u00e1, \u00e1 sj\u00e1lva degnum.<\/p>\n\n\n\n<p class=\"wp-block-paragraph\">Tey, sum ikki koma vi\u00f0 at koyra, eru meira enn v\u00e6lkomin at standa framvi\u00f0 vegnum og vinka, t\u00e1 Pride-rekkjukoyringin koyrir framvi\u00f0, og solei\u00f0is gera ta\u00f0 enn meiri hugaligt at koyra vi\u00f0 \u00ed Faroe Pride-rekkjukoyringini.<\/p>\n\n\n\n<p class=\"wp-block-paragraph\"><strong>Flottasti bilur<\/strong><\/p>\n\n\n\n<p class=\"wp-block-paragraph\">Ongin rekkjukoyring uttan at h\u00e1t\u00ed\u00f0arhalda flottasta bil. T\u00edskil ver\u00f0ur vinningur latin til flottast pr\u00fddda bil. So ta\u00f0 er at lata hugflogi\u00f0 fl\u00fagva og lata bilin vera so serstakan, litr\u00edkan og festligan sum gj\u00f8rligt.<\/p>\n\n\n\n<figure class=\"wp-block-image size-large\"><img data-recalc-dims=\"1\" decoding=\"async\" src=\"https:\/\/i0.wp.com\/lgbt.fo\/wp-content\/uploads\/2021\/07\/shutterstock_1765492868.jpg?ssl=1\" alt=\"\" class=\"wp-image-3426\"\/><\/figure>\n\n\n\n<p class=\"wp-block-paragraph\"><\/p>\n\n\n\n<p class=\"wp-block-paragraph\"><strong>Pride, filmss\u00fdningar og After Party<\/strong><br \/><br \/>F\u00f3lk \u00ed Havn kunnu longu byrja Pride\u2019ina kl. 16, t\u00e1 Faroe Islands International Minority Film Festival hevur eina Pride-s\u00fdning \u00ed Perluni. Eftir s\u00fdningina er kl\u00e1rt at stilla seg at vinka til rekkjukoyringina.  <br \/>Dagurin endar vi\u00f0 After Party uttanfyri Sirkus har Joe and the Shitboys, Marius DC og Jasmin fara at sp\u00e6la. Tiltaki\u00f0 er \u00f3keypis.<\/p>","protected":false},"excerpt":{"rendered":"<p>27. juli kl. 17 rullar \u00e1rins Faroe Pride avsta\u00f0 \u2013 b\u00f3kstaviliga! &nbsp;Faroe Pride, sum vit kenna hana, bleiv avl\u00fdst vegna [&hellip;]<\/p>\n","protected":false},"author":182137770,"featured_media":0,"comment_status":"closed","ping_status":"closed","sticky":false,"template":"","format":"standard","meta":{"_uag_custom_page_level_css":"","site-sidebar-layout":"default","site-content-layout":"","ast-site-content-layout":"default","site-content-style":"default","site-sidebar-style":"default","ast-global-header-display":"","ast-banner-title-visibility":"","ast-main-header-display":"","ast-hfb-above-header-display":"","ast-hfb-below-header-display":"","ast-hfb-mobile-header-display":"","site-post-title":"","ast-breadcrumbs-content":"","ast-featured-img":"","footer-sml-layout":"","ast-disable-related-posts":"","theme-transparent-header-meta":"","adv-header-id-meta":"","stick-header-meta":"","header-above-stick-meta":"","header-main-stick-meta":"","header-below-stick-meta":"","astra-migrate-meta-layouts":"default","ast-page-background-enabled":"default","ast-page-background-meta":{"desktop":{"background-color":"var(--ast-global-color-5)","background-image":"","background-repeat":"repeat","background-position":"center center","background-size":"auto","background-attachment":"scroll","background-type":"","background-media":"","overlay-type":"","overlay-color":"","overlay-opacity":"","overlay-gradient":""},"tablet":{"background-color":"","background-image":"","background-repeat":"repeat","background-position":"center center","background-size":"auto","background-attachment":"scroll","background-type":"","background-media":"","overlay-type":"","overlay-color":"","overlay-opacity":"","overlay-gradient":""},"mobile":{"background-color":"","background-image":"","background-repeat":"repeat","background-position":"center center","background-size":"auto","background-attachment":"scroll","background-type":"","background-media":"","overlay-type":"","overlay-color":"","overlay-opacity":"","overlay-gradient":""}},"ast-content-background-meta":{"desktop":{"background-color":"var(--ast-global-color-4)","background-image":"","background-repeat":"repeat","background-position":"center center","background-size":"auto","background-attachment":"scroll","background-type":"","background-media":"","overlay-type":"","overlay-color":"","overlay-opacity":"","overlay-gradient":""},"tablet":{"background-color":"var(--ast-global-color-4)","background-image":"","background-repeat":"repeat","background-position":"center center","background-size":"auto","background-attachment":"scroll","background-type":"","background-media":"","overlay-type":"","overlay-color":"","overlay-opacity":"","overlay-gradient":""},"mobile":{"background-color":"var(--ast-global-color-4)","background-image":"","background-repeat":"repeat","background-position":"center center","background-size":"auto","background-attachment":"scroll","background-type":"","background-media":"","overlay-type":"","overlay-color":"","overlay-opacity":"","overlay-gradient":""}},"advanced_seo_description":"","jetpack_seo_html_title":"","jetpack_seo_noindex":false,"jetpack_seo_schema_type":"","_jetpack_newsletter_access":"","_jetpack_dont_email_post_to_subs":false,"_jetpack_newsletter_tier_id":0,"_jetpack_memberships_contains_paywalled_content":false,"_wpcom_ai_launchpad_first_post":false,"_jetpack_feature_clip_id":0,"_jetpack_memberships_contains_paid_content":false,"footnotes":"","jetpack_post_was_ever_published":false},"categories":[77613941],"tags":[],"class_list":["post-2254","post","type-post","status-publish","format-standard","hentry","category-tidindi"],"uagb_featured_image_src":{"full":false,"thumbnail":false,"medium":false,"medium_large":false,"large":false,"1536x1536":false,"2048x2048":false,"trp-custom-language-flag":false,"newspack-article-block-landscape-large":false,"newspack-article-block-portrait-large":false,"newspack-article-block-square-large":false,"newspack-article-block-landscape-medium":false,"newspack-article-block-portrait-medium":false,"newspack-article-block-square-medium":false,"newspack-article-block-landscape-intermediate":false,"newspack-article-block-portrait-intermediate":false,"newspack-article-block-square-intermediate":false,"newspack-article-block-landscape-small":false,"newspack-article-block-portrait-small":false,"newspack-article-block-square-small":false,"newspack-article-block-landscape-tiny":false,"newspack-article-block-portrait-tiny":false,"newspack-article-block-square-tiny":false,"newspack-article-block-uncropped":false,"mailpoet_newsletter_max":false,"woocommerce_thumbnail":false,"woocommerce_single":false,"woocommerce_gallery_thumbnail":false},"uagb_author_info":{"display_name":"unijoh","author_link":"https:\/\/lgbt.fo\/en\/author\/unijoh\/"},"uagb_comment_info":0,"uagb_excerpt":"27. juli kl. 17 rullar \u00e1rins Faroe Pride avsta\u00f0 \u2013 b\u00f3kstaviliga! &nbsp;Faroe Pride, sum vit kenna hana, bleiv avl\u00fdst vegna [&hellip;]","jetpack_sharing_enabled":true,"jetpack_shortlink":"https:\/\/wp.me\/pgp3sg-Am","jetpack_featured_media_url":"","_links":{"self":[{"href":"https:\/\/lgbt.fo\/en\/wp-json\/wp\/v2\/posts\/2254","targetHints":{"allow":["GET"]}}],"collection":[{"href":"https:\/\/lgbt.fo\/en\/wp-json\/wp\/v2\/posts"}],"about":[{"href":"https:\/\/lgbt.fo\/en\/wp-json\/wp\/v2\/types\/post"}],"author":[{"embeddable":true,"href":"https:\/\/lgbt.fo\/en\/wp-json\/wp\/v2\/users\/182137770"}],"replies":[{"embeddable":true,"href":"https:\/\/lgbt.fo\/en\/wp-json\/wp\/v2\/comments?post=2254"}],"version-history":[{"count":0,"href":"https:\/\/lgbt.fo\/en\/wp-json\/wp\/v2\/posts\/2254\/revisions"}],"wp:attachment":[{"href":"https:\/\/lgbt.fo\/en\/wp-json\/wp\/v2\/media?parent=2254"}],"wp:term":[{"taxonomy":"category","embeddable":true,"href":"https:\/\/lgbt.fo\/en\/wp-json\/wp\/v2\/categories?post=2254"},{"taxonomy":"post_tag","embeddable":true,"href":"https:\/\/lgbt.fo\/en\/wp-json\/wp\/v2\/tags?post=2254"}],"curies":[{"name":"wp","href":"https:\/\/api.w.org\/{rel}","templated":true}]}}