{"id":2252,"date":"2020-06-11T12:28:45","date_gmt":"2020-06-11T11:28:45","guid":{"rendered":"https:\/\/lgbt.fo\/2020\/06\/11\/faroe-pride-flutt-a-alnotina\/"},"modified":"2020-06-11T12:28:45","modified_gmt":"2020-06-11T11:28:45","slug":"faroe-pride-flutt-a-alnotina","status":"publish","type":"post","link":"https:\/\/lgbt.fo\/en\/2020\/06\/11\/faroe-pride-flutt-a-alnotina\/","title":{"rendered":"FAROE PRIDE FLUTT \u00c1 ALN\u00d3TINA"},"content":{"rendered":"<p class=\"wp-block-paragraph\"><strong>Nevndin \u00ed LGBT F\u00f8royum hevur avgj\u00f8rt at fylgja tilm\u00e6lunum fr\u00e1 f\u00f8roysku politisku- og heilsumynduleikunum og ikki skipa fyri st\u00f3ru Faroe Pride skr\u00fa\u00f0gonguni og \u00f3keypis konsertini, sum annars skuldu vera fyri ellintu fer\u00f0 27. juli. Skipa\u00f0 ver\u00f0ur t\u00f3 fyri sm\u00e6rri tilt\u00f8kum, i\u00f0 fylgja tilm\u00e6lunum, me\u00f0an sj\u00e1lvur Pride dagurin ver\u00f0ur h\u00e1t\u00ed\u00f0arhildin \u00e1 aln\u00f3tini.<\/strong><\/p>\n\n\n\n<p class=\"wp-block-paragraph\">Faroe Pride er eitt ta\u00f0 st\u00f8rsta \u00e1rliga almenna tiltaki\u00f0 \u00ed F\u00f8royum, har t\u00fasundtals f\u00f3lk savnast t\u00e6tt saman og ringt er at halda fr\u00e1st\u00f8\u00f0u. T\u00ed metir nevndin, at ta\u00f0 vildi veri\u00f0 \u00e1byrgdarleyst at skipa fyri einum sl\u00edkum st\u00f3rum almennum tiltaki \u00ed hesum d\u00f8gum, har vandi enn kann vera fyri koronasmittu. Hinvegin fer LGBT F\u00f8royar at fagna \u00e1rliga degnum \u00e1 aln\u00f3tini, eins og n\u00f8kur sm\u00e6rri almenn tilt\u00f8kum ver\u00f0a \u00e1 skr\u00e1nni.<\/p>\n\n\n\n<p class=\"wp-block-paragraph\">27. juli ver\u00f0ur skipa\u00f0 fyri talgiltum tilt\u00f8kum, har LGBTarar kunnu v\u00edsa s\u00ednar litir og og teirra stu\u00f0lar kunnu v\u00edsa s\u00edn stu\u00f0ul \u00e1 sosialu mi\u00f0lunum. N\u00e6rri kunning um hetta kemur seinni.<\/p>\n\n\n\n<p class=\"wp-block-paragraph\">Samstundis skipar Faroe Islands International Minority Film Festival (FIMFF) fyri n\u00f8krum sm\u00e6rri films\u00fdningum og tilt\u00f8kum, i\u00f0 fylgja almennu \u00e1setingunum, \u00ed d\u00f8gunum fr\u00e1 24. til 27. juli. Sirkus skipar somulei\u00f0is fyri uttandura Pride-afterparty tann 27. juli, um umst\u00f8\u00f0urnar ikki ver\u00f0a broyttar fyri vinnub\u00f3lkin, sum Sirkus virkar \u00ed.<\/p>\n\n\n\n<p class=\"wp-block-paragraph\">Herfyri var\u00f0 n\u00fdggj nevnd vald \u00ed LGBT F\u00f8royum. N\u00fdggju nevndarlimirnir eru Annika S. Vang, Annlis Bjarkhamar, Bartal Nols\u00f8e Poulsen, Eiler Fagraklett, Siri S\u00f8rensen og Sonja J. J\u00f3gvansd\u00f3ttir. Varalimir eru Finnbogi Ferj\u00e1, Oda Ellingsgaard og Sunneva H\u00e1berg Eysturstein.<\/p>\n\n\n\n<p class=\"wp-block-paragraph\">Tann si\u00f0bundna Faroe Pride skr\u00fa\u00f0gongan og konsertin, sum vit vanliga kenna hana, ver\u00f0a aftur \u00e1 skr\u00e1nni 27. juli 2021.<\/p>","protected":false},"excerpt":{"rendered":"<p>Nevndin \u00ed LGBT F\u00f8royum hevur avgj\u00f8rt at fylgja tilm\u00e6lunum fr\u00e1 f\u00f8roysku politisku- og heilsumynduleikunum og ikki skipa fyri st\u00f3ru Faroe [&hellip;]<\/p>\n","protected":false},"author":182137770,"featured_media":0,"comment_status":"open","ping_status":"open","sticky":false,"template":"","format":"standard","meta":{"_uag_custom_page_level_css":"","site-sidebar-layout":"default","site-content-layout":"","ast-site-content-layout":"default","site-content-style":"default","site-sidebar-style":"default","ast-global-header-display":"","ast-banner-title-visibility":"","ast-main-header-display":"","ast-hfb-above-header-display":"","ast-hfb-below-header-display":"","ast-hfb-mobile-header-display":"","site-post-title":"","ast-breadcrumbs-content":"","ast-featured-img":"","footer-sml-layout":"","ast-disable-related-posts":"","theme-transparent-header-meta":"","adv-header-id-meta":"","stick-header-meta":"","header-above-stick-meta":"","header-main-stick-meta":"","header-below-stick-meta":"","astra-migrate-meta-layouts":"default","ast-page-background-enabled":"default","ast-page-background-meta":{"desktop":{"background-color":"var(--ast-global-color-5)","background-image":"","background-repeat":"repeat","background-position":"center center","background-size":"auto","background-attachment":"scroll","background-type":"","background-media":"","overlay-type":"","overlay-color":"","overlay-opacity":"","overlay-gradient":""},"tablet":{"background-color":"","background-image":"","background-repeat":"repeat","background-position":"center center","background-size":"auto","background-attachment":"scroll","background-type":"","background-media":"","overlay-type":"","overlay-color":"","overlay-opacity":"","overlay-gradient":""},"mobile":{"background-color":"","background-image":"","background-repeat":"repeat","background-position":"center center","background-size":"auto","background-attachment":"scroll","background-type":"","background-media":"","overlay-type":"","overlay-color":"","overlay-opacity":"","overlay-gradient":""}},"ast-content-background-meta":{"desktop":{"background-color":"var(--ast-global-color-4)","background-image":"","background-repeat":"repeat","background-position":"center center","background-size":"auto","background-attachment":"scroll","background-type":"","background-media":"","overlay-type":"","overlay-color":"","overlay-opacity":"","overlay-gradient":""},"tablet":{"background-color":"var(--ast-global-color-4)","background-image":"","background-repeat":"repeat","background-position":"center center","background-size":"auto","background-attachment":"scroll","background-type":"","background-media":"","overlay-type":"","overlay-color":"","overlay-opacity":"","overlay-gradient":""},"mobile":{"background-color":"var(--ast-global-color-4)","background-image":"","background-repeat":"repeat","background-position":"center center","background-size":"auto","background-attachment":"scroll","background-type":"","background-media":"","overlay-type":"","overlay-color":"","overlay-opacity":"","overlay-gradient":""}},"advanced_seo_description":"","jetpack_seo_html_title":"","jetpack_seo_noindex":false,"jetpack_seo_schema_type":"","_jetpack_newsletter_access":"","_jetpack_dont_email_post_to_subs":false,"_jetpack_newsletter_tier_id":0,"_jetpack_memberships_contains_paywalled_content":false,"_wpcom_ai_launchpad_first_post":false,"_jetpack_feature_clip_id":0,"_jetpack_memberships_contains_paid_content":false,"footnotes":"","jetpack_post_was_ever_published":false},"categories":[77613941],"tags":[],"class_list":["post-2252","post","type-post","status-publish","format-standard","hentry","category-tidindi"],"uagb_featured_image_src":{"full":false,"thumbnail":false,"medium":false,"medium_large":false,"large":false,"1536x1536":false,"2048x2048":false,"trp-custom-language-flag":false,"newspack-article-block-landscape-large":false,"newspack-article-block-portrait-large":false,"newspack-article-block-square-large":false,"newspack-article-block-landscape-medium":false,"newspack-article-block-portrait-medium":false,"newspack-article-block-square-medium":false,"newspack-article-block-landscape-intermediate":false,"newspack-article-block-portrait-intermediate":false,"newspack-article-block-square-intermediate":false,"newspack-article-block-landscape-small":false,"newspack-article-block-portrait-small":false,"newspack-article-block-square-small":false,"newspack-article-block-landscape-tiny":false,"newspack-article-block-portrait-tiny":false,"newspack-article-block-square-tiny":false,"newspack-article-block-uncropped":false,"mailpoet_newsletter_max":false,"woocommerce_thumbnail":false,"woocommerce_single":false,"woocommerce_gallery_thumbnail":false},"uagb_author_info":{"display_name":"unijoh","author_link":"https:\/\/lgbt.fo\/en\/author\/unijoh\/"},"uagb_comment_info":28,"uagb_excerpt":"Nevndin \u00ed LGBT F\u00f8royum hevur avgj\u00f8rt at fylgja tilm\u00e6lunum fr\u00e1 f\u00f8roysku politisku- og heilsumynduleikunum og ikki skipa fyri st\u00f3ru Faroe [&hellip;]","jetpack_sharing_enabled":true,"jetpack_shortlink":"https:\/\/wp.me\/pgp3sg-Ak","jetpack_featured_media_url":"","_links":{"self":[{"href":"https:\/\/lgbt.fo\/en\/wp-json\/wp\/v2\/posts\/2252","targetHints":{"allow":["GET"]}}],"collection":[{"href":"https:\/\/lgbt.fo\/en\/wp-json\/wp\/v2\/posts"}],"about":[{"href":"https:\/\/lgbt.fo\/en\/wp-json\/wp\/v2\/types\/post"}],"author":[{"embeddable":true,"href":"https:\/\/lgbt.fo\/en\/wp-json\/wp\/v2\/users\/182137770"}],"replies":[{"embeddable":true,"href":"https:\/\/lgbt.fo\/en\/wp-json\/wp\/v2\/comments?post=2252"}],"version-history":[{"count":0,"href":"https:\/\/lgbt.fo\/en\/wp-json\/wp\/v2\/posts\/2252\/revisions"}],"wp:attachment":[{"href":"https:\/\/lgbt.fo\/en\/wp-json\/wp\/v2\/media?parent=2252"}],"wp:term":[{"taxonomy":"category","embeddable":true,"href":"https:\/\/lgbt.fo\/en\/wp-json\/wp\/v2\/categories?post=2252"},{"taxonomy":"post_tag","embeddable":true,"href":"https:\/\/lgbt.fo\/en\/wp-json\/wp\/v2\/tags?post=2252"}],"curies":[{"name":"wp","href":"https:\/\/api.w.org\/{rel}","templated":true}]}}