{"id":2245,"date":"2017-05-30T19:09:54","date_gmt":"2017-05-30T18:09:54","guid":{"rendered":"https:\/\/lgbt.fo\/2017\/05\/30\/lgbt-fegnast-um-einar-javnraettari-foroyar\/"},"modified":"2017-05-30T19:09:54","modified_gmt":"2017-05-30T18:09:54","slug":"lgbt-fegnast-um-einar-javnraettari-foroyar","status":"publish","type":"post","link":"https:\/\/lgbt.fo\/en\/2017\/05\/30\/lgbt-fegnast-um-einar-javnraettari-foroyar\/","title":{"rendered":"LGBT fegnast um einar javnr\u00e6ttari F\u00f8royar"},"content":{"rendered":"<p>H\u00f3sdagin, 1. juni, hev\u00f0i R\u00f3land Samuelsen, s\u00e1li, havt f\u00f8\u00f0ingardag eins og 6 \u00e1r eru li\u00f0in, s\u00ed\u00f0ani LGBT F\u00f8royar r\u00f8rslan var\u00f0 sett \u00e1 stovn. LGBT F\u00f8royar hev\u00f0i ynskt, at f\u00f8royska l\u00f3gg\u00e1van langt s\u00ed\u00f0ani hev\u00f0i givi\u00f0 samkyndum borgarum innivist.<\/p>\n<p>Men um fyrilit ver\u00f0ur tiki\u00f0 fyri, hvussu leingi f\u00f8roysk samkynd hava veri\u00f0 noydd at liva \u00e1 skuggas\u00ed\u00f0uni av f\u00f8royska samfelagnum, so fegnast r\u00f8rslan um, at ta\u00f0 \u201ceinans\u201d t\u00f3k 6 \u00e1r at r\u00f8kka einum av h\u00f8vu\u00f0sm\u00e1lunum, i\u00f0 r\u00f8rslan setti s\u00e6r fyri at r\u00f8kka, \u00e1 stovningardegnum \u00ed Posth\u00faskjallarinum. Nevniliga at loyva samkyndum at gifta seg borgarliga \u00ed F\u00f8royum.<\/p>\n<p><strong>T\u00fd\u00f0andi dagur fyri alt samfelagi\u00f0<\/strong><br \/>\nFer\u00f0in hj\u00e1 r\u00f8rsluni hevur veri\u00f0 lang, h\u00f8r\u00f0 og t\u00edverri ofta sera p\u00ednufull, men \u00ed s\u00ed\u00f0sta enda, var hon ta\u00f0 verd. T\u00ed 1. juli 2017 fara fyrstu samkyndu p\u00f8rini v\u00e6ntandi at kunnu gifta seg borgarliga \u00ed F\u00f8royum, og ver\u00f0a tey sostatt ums\u00ed\u00f0ir javnsett vi\u00f0 hinskynd p\u00f8r \u00ed egnum heimlandi. Hetta er st\u00f3rt. Hetta er s\u00f8guligt. Hetta er t\u00fd\u00f0andi. Ikki bara fyri okkum LGBTarar, sum n\u00fa sleppa at gifta okkum vi\u00f0 t\u00ed, vit elska, men eisini fyri okkara avvar\u00f0andi, komandi \u00e6ttarli\u00f0 og ikki minst fyri eitt enn r\u00famligari og litr\u00edkari f\u00f8royskt samfelag.<\/p>\n<p><strong>LGBT hevur mongum at takka<\/strong><br \/>\nLGBT F\u00f8royar vil fegin n\u00fdta h\u00f8vi\u00f0 at takka fyrstu samkyndu f\u00f8royingunum, i\u00f0 gingu \u00e1 odda og tordu at koma \u00fat \u00far sk\u00e1pinum og tra\u00f0ka fram \u00ed almenna lj\u00f3si\u00f0. S\u00ed\u00f0ani vilja vit takka gamla Fri\u00f0arbo\u00f0anum og teimum, i\u00f0 stovna\u00f0u LGBT F\u00f8royar \u00e1 sinni og s\u00ed\u00f0ani hava bartst uttan \u00edhald fyri okkara javnr\u00e6ttindum.<\/p>\n<p>Takk til tey progressivu ungmannafel\u00f8gini og Amnesty International F\u00f8royar, sum fr\u00e1 fyrsta degi hava gingi\u00f0 \u00e1 odda og v\u00edst eldra \u00e6ttarli\u00f0num, hvussu tey ynskja at framt\u00ed\u00f0ar F\u00f8royar skulu myndast.<\/p>\n<p>St\u00f3ra takk til teir politikkarar, i\u00f0 tordu at stu\u00f0la okkum alment, \u00e1\u00f0renn ta\u00f0 gj\u00f8rdist \u201cvanligt\u201d. St\u00f3ra takk til teir politikkarar, sum vi\u00f0 reistari pannu hava tosa\u00f0 okkara s\u00f8k allar t\u00e6r 9 fer\u00f0irnar hj\u00fanabandsl\u00f3gin hevur veri\u00f0 vi\u00f0gj\u00f8rd \u00e1 l\u00f8gtingsr\u00f8\u00f0arapalli. Takk til tykkum, sum atkv\u00f8ddu fyri m\u00e1linum, ta fer\u00f0ina ta\u00f0 fall, eins og t\u00e6r fer\u00f0irnar ta\u00f0 var\u00f0 vi\u00f0tiki\u00f0. Serlig t\u00f8kk til uppskotsstillarnar, og ikki minst Sonju J. J\u00f3gvansd\u00f3ttir, sum saman vi\u00f0 \u00f8\u00f0rum r\u00e6ttv\u00edsum f\u00f3lki, hevur veri\u00f0 okkara verndareingil \u00e1 F\u00f8roya L\u00f8gtingi\u00f0.<\/p>\n<p>Takk til okkara limir, stu\u00f0lar, fyrrverandi nevndarlimir og t\u00fasundtals hinskynd vi\u00f0haldsf\u00f3lk. Til \u00f8ll, sum hava lutttiki\u00f0 \u00e1 Faroe Pride, og teir mongu t\u00f3nleikarnar, sum p\u00fara \u00f3keypis hava sungi\u00f0 og sp\u00e6lt okkum \u00e1 m\u00e1l. St\u00f3ra takk fyri \u00f8ll somul. Dagurin \u00ed dag, hev\u00f0i aldrin upprunni\u00f0 uttan tykkum \u00f8ll.<\/p>\n<p><strong>R\u00f8rslan er ikki komin \u00e1 m\u00e1l enn<\/strong><br \/>\nH\u00f3ast vit \u00ed dag kunnu fegnast um, at hj\u00fanabandsl\u00f3gin endaliga er broytt, so er enn langt \u00e1 m\u00e1l hj\u00e1 LGBT r\u00f8rsluni. St\u00f8rri heilsukanning hj\u00e1 r\u00f8rsluni v\u00edsir eisini, at LGBTarar hava \u00ed mi\u00f0al munandi verri s\u00e1larliga heilsu enn a\u00f0rir samfelagsb\u00f3lkar. Hetta fer nevndin at gera naka\u00f0 vi\u00f0. S\u00e1larlig heilsa og -trivna\u00f0ur hj\u00e1 f\u00f8royskum LGBTarum ver\u00f0a t\u00ed sett \u00ed mi\u00f0depilin komandi t\u00ed\u00f0ina.<\/p>\n<p><strong>H\u00e1t\u00ed\u00f0arhalda s\u00f8guligan sigur \u00ed Sirkus vi\u00f0 Teiti<\/strong><br \/>\n\u00cd samband vi\u00f0, at hj\u00fanabandsl\u00f3gin endaliga er broytt og vi\u00f0tikin, skipar Sirkus F\u00f8royar fyri serligum hugnakv\u00f8ldi \u00ed kv\u00f8ld. Ta\u00f0 byrjar kl. 20.00 vi\u00f0, at Sonja J. J\u00f3gvansd\u00f3ttir, l\u00f8gtingskvinna, heldur r\u00f8\u00f0u. S\u00ed\u00f0ani sp\u00e6lir Teitur n\u00f8kur l\u00f8g, og eftir ta\u00f0 diskar Abac House1 vinyl fyri rest. \u00d8ll eru hjartaliga v\u00e6lkomin \u00ed Sirkus at feira k\u00e6rleikan og vunnin javnr\u00e6ttindi.<\/p>","protected":false},"excerpt":{"rendered":"<p>H\u00f3sdagin, 1. juni, hev\u00f0i R\u00f3land Samuelsen, s\u00e1li, havt f\u00f8\u00f0ingardag eins og 6 \u00e1r eru li\u00f0in, s\u00ed\u00f0ani LGBT F\u00f8royar r\u00f8rslan var\u00f0 [&hellip;]<\/p>\n","protected":false},"author":182137770,"featured_media":0,"comment_status":"open","ping_status":"open","sticky":false,"template":"","format":"standard","meta":{"_uag_custom_page_level_css":"","site-sidebar-layout":"default","site-content-layout":"","ast-site-content-layout":"default","site-content-style":"default","site-sidebar-style":"default","ast-global-header-display":"","ast-banner-title-visibility":"","ast-main-header-display":"","ast-hfb-above-header-display":"","ast-hfb-below-header-display":"","ast-hfb-mobile-header-display":"","site-post-title":"","ast-breadcrumbs-content":"","ast-featured-img":"","footer-sml-layout":"","ast-disable-related-posts":"","theme-transparent-header-meta":"","adv-header-id-meta":"","stick-header-meta":"","header-above-stick-meta":"","header-main-stick-meta":"","header-below-stick-meta":"","astra-migrate-meta-layouts":"default","ast-page-background-enabled":"default","ast-page-background-meta":{"desktop":{"background-color":"var(--ast-global-color-5)","background-image":"","background-repeat":"repeat","background-position":"center center","background-size":"auto","background-attachment":"scroll","background-type":"","background-media":"","overlay-type":"","overlay-color":"","overlay-opacity":"","overlay-gradient":""},"tablet":{"background-color":"","background-image":"","background-repeat":"repeat","background-position":"center center","background-size":"auto","background-attachment":"scroll","background-type":"","background-media":"","overlay-type":"","overlay-color":"","overlay-opacity":"","overlay-gradient":""},"mobile":{"background-color":"","background-image":"","background-repeat":"repeat","background-position":"center center","background-size":"auto","background-attachment":"scroll","background-type":"","background-media":"","overlay-type":"","overlay-color":"","overlay-opacity":"","overlay-gradient":""}},"ast-content-background-meta":{"desktop":{"background-color":"var(--ast-global-color-4)","background-image":"","background-repeat":"repeat","background-position":"center center","background-size":"auto","background-attachment":"scroll","background-type":"","background-media":"","overlay-type":"","overlay-color":"","overlay-opacity":"","overlay-gradient":""},"tablet":{"background-color":"var(--ast-global-color-4)","background-image":"","background-repeat":"repeat","background-position":"center center","background-size":"auto","background-attachment":"scroll","background-type":"","background-media":"","overlay-type":"","overlay-color":"","overlay-opacity":"","overlay-gradient":""},"mobile":{"background-color":"var(--ast-global-color-4)","background-image":"","background-repeat":"repeat","background-position":"center center","background-size":"auto","background-attachment":"scroll","background-type":"","background-media":"","overlay-type":"","overlay-color":"","overlay-opacity":"","overlay-gradient":""}},"advanced_seo_description":"","jetpack_seo_html_title":"","jetpack_seo_noindex":false,"jetpack_seo_schema_type":"","_jetpack_newsletter_access":"","_jetpack_dont_email_post_to_subs":false,"_jetpack_newsletter_tier_id":0,"_jetpack_memberships_contains_paywalled_content":false,"_wpcom_ai_launchpad_first_post":false,"_jetpack_feature_clip_id":0,"_jetpack_memberships_contains_paid_content":false,"footnotes":"","jetpack_post_was_ever_published":false},"categories":[77613941],"tags":[],"class_list":["post-2245","post","type-post","status-publish","format-standard","hentry","category-tidindi"],"uagb_featured_image_src":{"full":false,"thumbnail":false,"medium":false,"medium_large":false,"large":false,"1536x1536":false,"2048x2048":false,"trp-custom-language-flag":false,"newspack-article-block-landscape-large":false,"newspack-article-block-portrait-large":false,"newspack-article-block-square-large":false,"newspack-article-block-landscape-medium":false,"newspack-article-block-portrait-medium":false,"newspack-article-block-square-medium":false,"newspack-article-block-landscape-intermediate":false,"newspack-article-block-portrait-intermediate":false,"newspack-article-block-square-intermediate":false,"newspack-article-block-landscape-small":false,"newspack-article-block-portrait-small":false,"newspack-article-block-square-small":false,"newspack-article-block-landscape-tiny":false,"newspack-article-block-portrait-tiny":false,"newspack-article-block-square-tiny":false,"newspack-article-block-uncropped":false,"mailpoet_newsletter_max":false,"woocommerce_thumbnail":false,"woocommerce_single":false,"woocommerce_gallery_thumbnail":false},"uagb_author_info":{"display_name":"unijoh","author_link":"https:\/\/lgbt.fo\/en\/author\/unijoh\/"},"uagb_comment_info":6,"uagb_excerpt":"H\u00f3sdagin, 1. juni, hev\u00f0i R\u00f3land Samuelsen, s\u00e1li, havt f\u00f8\u00f0ingardag eins og 6 \u00e1r eru li\u00f0in, s\u00ed\u00f0ani LGBT F\u00f8royar r\u00f8rslan var\u00f0 [&hellip;]","jetpack_sharing_enabled":true,"jetpack_shortlink":"https:\/\/wp.me\/pgp3sg-Ad","jetpack_featured_media_url":"","_links":{"self":[{"href":"https:\/\/lgbt.fo\/en\/wp-json\/wp\/v2\/posts\/2245","targetHints":{"allow":["GET"]}}],"collection":[{"href":"https:\/\/lgbt.fo\/en\/wp-json\/wp\/v2\/posts"}],"about":[{"href":"https:\/\/lgbt.fo\/en\/wp-json\/wp\/v2\/types\/post"}],"author":[{"embeddable":true,"href":"https:\/\/lgbt.fo\/en\/wp-json\/wp\/v2\/users\/182137770"}],"replies":[{"embeddable":true,"href":"https:\/\/lgbt.fo\/en\/wp-json\/wp\/v2\/comments?post=2245"}],"version-history":[{"count":0,"href":"https:\/\/lgbt.fo\/en\/wp-json\/wp\/v2\/posts\/2245\/revisions"}],"wp:attachment":[{"href":"https:\/\/lgbt.fo\/en\/wp-json\/wp\/v2\/media?parent=2245"}],"wp:term":[{"taxonomy":"category","embeddable":true,"href":"https:\/\/lgbt.fo\/en\/wp-json\/wp\/v2\/categories?post=2245"},{"taxonomy":"post_tag","embeddable":true,"href":"https:\/\/lgbt.fo\/en\/wp-json\/wp\/v2\/tags?post=2245"}],"curies":[{"name":"wp","href":"https:\/\/api.w.org\/{rel}","templated":true}]}}