{"id":2238,"date":"2015-11-21T13:55:54","date_gmt":"2015-11-21T13:55:54","guid":{"rendered":"https:\/\/lgbt.fo\/2015\/11\/21\/hvussu-ofta-hava-vit-broytt-hjunabandslogirnar\/"},"modified":"2015-11-21T13:55:54","modified_gmt":"2015-11-21T13:55:54","slug":"hvussu-ofta-hava-vit-broytt-hjunabandslogirnar","status":"publish","type":"post","link":"https:\/\/lgbt.fo\/en\/2015\/11\/21\/hvussu-ofta-hava-vit-broytt-hjunabandslogirnar\/","title":{"rendered":"Hvussu ofta hava vit broytt hj\u00fanabandsl\u00f3girnar?"},"content":{"rendered":"<p><strong>F\u00e1a samkyndir f\u00f8royingar innivist \u00ed hj\u00fanabandsl\u00f3gini \u00ed F\u00f8royum, so er ta\u00f0 ikki fyrstu fer\u00f0, at hj\u00fanabandsl\u00f3gin ver\u00f0ur\u00a0<\/strong><strong>broytt her \u00e1 landi. Okkara hj\u00fanabandsl\u00f3gir eru longu broyttar \u00ed minsta lagi 12 fer\u00f0ir. Harumframt eru h\u00f3purin av ymiskum\u00a0<\/strong><strong>kunnger\u00f0um, \u00e1setingum og rundskrivum sett \u00ed og \u00far gildi \u00edgj\u00f8gnum \u00e1r og dag, og hava hesi \u00f8ll \u00e1virka\u00f0 hj\u00fanabandi\u00f0.<\/strong><\/p>\n<h3><a href=\"https:\/\/i0.wp.com\/jay.lxn.mybluehost.me\/wp-content\/uploads\/2015\/11\/ringar.png\"><img data-recalc-dims=\"1\" loading=\"lazy\" decoding=\"async\" class=\"alignnone size-full wp-image-2730\" src=\"https:\/\/i0.wp.com\/lgbt.fo\/wp-content\/uploads\/2015\/11\/ringar.png?resize=430%2C287&#038;ssl=1\" alt=\"ringar\" width=\"430\" height=\"287\" \/><\/a><\/h3>\n<h3>1380<\/h3>\n<p>Eftir at F\u00f8royar komu undir danska kongin\u00a0\u00ed 1380, hevur hj\u00fanabandi\u00f0 veri\u00f0 danskt\u00a0m\u00e1l og er ta\u00f0 framvegis \u00ed dag. Fr\u00e1 1200 og\u00a0fram til tr\u00fab\u00f3tina, komu f\u00f8roysk\u00a0hj\u00fanabond undir kanoniska r\u00e6ttin hj\u00e1\u00a0kat\u00f3lsku kirkjuni, sum m.a. hev\u00f0i eitt\u00a0fullkomi\u00f0 bann m\u00f3ti hj\u00fanaskilna\u00f0i.<\/p>\n<h3>1536<\/h3>\n<p>\u00cd 1536 var\u00f0 l\u00f3gin broytt, so hj\u00fanaskilna\u00f0ur\u00a0ikki longur var banna\u00f0ur. Ta\u00f0 var t\u00f3\u00a0framvegis sera ringt at f\u00e1a loyvi til at lata seg\u00a0skilja &#8211; heilt fram til 1922. T\u00e1 var\u00f0 n\u00fdggj l\u00f3g\u00a0sett \u00ed gildi, so ta\u00f0 n\u00fa st\u00f3\u00f0 \u00f8llum giftum\u00a0f\u00f3lkum fr\u00edtt at bi\u00f0ja um hj\u00fanaskilna\u00f0<\/p>\n<h3>1563<\/h3>\n<p>\u00cd 1563 var\u00f0 l\u00f3gin broytt, so at ein\u00a0kirkjulig v\u00edgsla skuldi til, fyri at eitt\u00a0hj\u00fanaband kundi g\u00f3\u00f0kennast alment.\u00a0Ta\u00f0 var ikki ney\u00f0ugt \u00ed F\u00f8royum \u00e1\u00f0renn<br \/>\nhetta.<\/p>\n<h3>1582<\/h3>\n<p>\u00cd 1582 var l\u00f3gin aftur broytt. N\u00fa var\u00f0 ta\u00f0\u00a0\u00e1lagt, at p\u00f8r skuldu fyrst tr\u00falovast, \u00e1\u00f0renn\u00a0tey kundu giftast.<\/p>\n<h3>1688<\/h3>\n<p>Vi\u00f0 Norsku l\u00f3g, sum var\u00f0 sett \u00ed gildi \u00ed 1688,\u00a0fingu fr\u00e1skildir f\u00f8royingar eisini loyvi at gifta seg\u00a0upp aftur. Hetta kom av t\u00ed, at f\u00f3lkakirkjan ikki\u00a0longur metti, at hj\u00fanabandi\u00f0 var eitt\u00a0sakramenti ella ein halgiger\u00f0, eins og kat\u00f3lska\u00a0kirkjan hev\u00f0i \u00e1sett frammanundan. Aldursmark\u00a0var\u00f0 eisini \u00e1sett. Kvinnur skuldu \u00ed minsta lagi\u00a0vera 16 \u00e1ra gamlar og menn 20 \u00e1r. F\u00f3lk, i\u00f0 ikki\u00a0v\u00f3ru fullf\u00f8r, sluppu t\u00f3 ikki at giftast.<\/p>\n<h3>1777<\/h3>\n<p>Tr\u00e6lal\u00f3gin fr\u00e1 1777, sum ikki var\u00f0 sett \u00far gildi\u00a0fyrr enn \u00ed 1846, banna\u00f0i f\u00f8royskum\u00a0ognarleysum og \u00f8\u00f0rum, i\u00f0 ikki kundu pr\u00f3gva\u00a0f\u00f8rleikan at forsyrgja einum h\u00faski, at gifta seg\u00a0og seta b\u00fagv. \u00cdsta\u00f0in v\u00f3ru hesi noydd at\u00a0arbei\u00f0a sum h\u00faskallar og t\u00e6narar hj\u00e1 presti\u00a0ella st\u00f3rb\u00f3ndum. Sostatt slapp ein st\u00f3rur\u00a0partur av f\u00f8royingum ikki at gifta seg hetta\u00a0t\u00ed\u00f0arskei\u00f0i\u00f0.<\/p>\n<h3>1799<\/h3>\n<p>Inntil 1799 var tr\u00falovanin \u00e1\u00f0renn\u00a0br\u00fadleypi\u00f0 eisini l\u00f3gliga bindandi, og\u00a0ein kundi ikki gera ta\u00f0 li\u00f0ugt vi\u00f0 s\u00edn\u00a0tr\u00fa\u00f0lova\u00f0a, uttan vi\u00f0 loyvi fr\u00e1\u00a0Tamperetten.<\/p>\n<h3>1851<\/h3>\n<p>\u00cd 1851 kemur grundl\u00f3gin \u00ed gildi, og hon\u00a0\u00e1setur tr\u00faarfr\u00e6lsi. Hetta hevur vi\u00f0 s\u00e6r,\u00a0at borgarligar v\u00edgslur ver\u00f0a settar \u00ed gildi.\u00a0\u00cd F\u00f8royum merkir hetta m.a., at t\u00e1 tali\u00f0\u00a0av limum \u00ed br\u00f8\u00f0rasamkomuni og \u00f8\u00f0rum\u00a0n\u00fdggjum evangeliskum samkomum fer\u00a0at veksa fyrst \u00ed 20. \u00f8ld, kunnu hesi lata\u00a0seg gifta, uttan at ein prestur fr\u00e1\u00a0f\u00f3lkakirkjuni skal v\u00edga tey.<\/p>\n<h3>1922<\/h3>\n<p>\u00cd 1922 ver\u00f0ur l\u00f3gin aftur broytt, t\u00e1\u00a0aldursmarki\u00f0 h\u00e6kkar til 21 \u00e1r fyri kvinnur og\u00a023 \u00e1r fyri menn. L\u00f3gin nokta\u00f0i eisini hesum\u00a0b\u00f3lkum r\u00e6ttin at gifta seg \u00ed F\u00f8royum:\u00a0Monnum, i\u00f0 fingu almenna forsorgarhj\u00e1lp,\u00a0f\u00f3lkum vi\u00f0 kynssj\u00faku, epilepsi ella menningartarni. Eins og s\u00e1larsj\u00fak, psykopatar, evnaveik<br \/>\nog alkoholikarar heldur ikki kundu gifta seg.<\/p>\n<h3>1933<\/h3>\n<p>\u00cd 1933 var\u00f0 l\u00f3gin aftur broytt\u00a0solei\u00f0is, at \u00f8ll nor\u00f0urlond samdust\u00a0um at g\u00f3\u00f0kenna \u00f8ll hj\u00fanabond,\u00a0sum v\u00f3ru inngingin \u00ed hesum\u00a0grannalondum.<\/p>\n<h3>1969<\/h3>\n<p>Ikki fyrr enn \u00ed 1969 ver\u00f0a kynini\u00a0javnsett \u00ed hj\u00fanabandsl\u00f3gini, t\u00e1\u00a0aldursmarki\u00f0 var\u00f0 \u00e1sett at vera 18\u00a0\u00e1r fyri b\u00e6\u00f0i kynini, solei\u00f0is sum vit\u00a0kenna ta\u00f0 \u00ed dag.<\/p>\n<h3>2002<\/h3>\n<p>Galdandi hj\u00fanabandsl\u00f3g \u201cAnordning\u00a0nr. 37 fr\u00e1 22. januar 2002 om\u00a0ikrafttr\u00e6den for F\u00e6r\u00f8erne af lov om\u00a0\u00e6gteskabs indg\u00e5else og opl\u00f8sning\u201d\u00a0kom \u00ed sta\u00f0in fyri l\u00f3g fr\u00e1 1922.\u00a0N\u00faverandi l\u00f3g er longu broytt tv\u00e6r\u00a0fer\u00f0ir \u00ed samband vi\u00f0 fylgibroytingar.<\/p>\n<h3><\/h3>\n<p><strong>JA TIL K\u00c6RLEIKAN!<\/strong><\/p>\n<p><strong>JA TIL JAVNR\u00c6TTINDI!<\/strong><\/p>\n<p><strong>JA TIL DAGF\u00d8RDA HJ\u00daNABANDSL\u00d3G!<\/strong><\/p>\n<p>&nbsp;<\/p>\n<p><a href=\"http:\/\/jay.lxn.mybluehost.me\/wp-content\/uploads\/2015\/11\/sosialurin_HEILS\u00cdDA2.pdf\">S\u00ed prentl\u00fdsing her<\/a><\/p>","protected":false},"excerpt":{"rendered":"<p>F\u00e1a samkyndir f\u00f8royingar innivist \u00ed hj\u00fanabandsl\u00f3gini \u00ed F\u00f8royum, so er ta\u00f0 ikki fyrstu fer\u00f0, at hj\u00fanabandsl\u00f3gin ver\u00f0ur\u00a0broytt her \u00e1 landi. [&hellip;]<\/p>\n","protected":false},"author":182137770,"featured_media":0,"comment_status":"open","ping_status":"open","sticky":false,"template":"","format":"standard","meta":{"_uag_custom_page_level_css":"","site-sidebar-layout":"default","site-content-layout":"","ast-site-content-layout":"default","site-content-style":"default","site-sidebar-style":"default","ast-global-header-display":"","ast-banner-title-visibility":"","ast-main-header-display":"","ast-hfb-above-header-display":"","ast-hfb-below-header-display":"","ast-hfb-mobile-header-display":"","site-post-title":"","ast-breadcrumbs-content":"","ast-featured-img":"","footer-sml-layout":"","ast-disable-related-posts":"","theme-transparent-header-meta":"","adv-header-id-meta":"","stick-header-meta":"","header-above-stick-meta":"","header-main-stick-meta":"","header-below-stick-meta":"","astra-migrate-meta-layouts":"default","ast-page-background-enabled":"default","ast-page-background-meta":{"desktop":{"background-color":"var(--ast-global-color-5)","background-image":"","background-repeat":"repeat","background-position":"center center","background-size":"auto","background-attachment":"scroll","background-type":"","background-media":"","overlay-type":"","overlay-color":"","overlay-opacity":"","overlay-gradient":""},"tablet":{"background-color":"","background-image":"","background-repeat":"repeat","background-position":"center center","background-size":"auto","background-attachment":"scroll","background-type":"","background-media":"","overlay-type":"","overlay-color":"","overlay-opacity":"","overlay-gradient":""},"mobile":{"background-color":"","background-image":"","background-repeat":"repeat","background-position":"center center","background-size":"auto","background-attachment":"scroll","background-type":"","background-media":"","overlay-type":"","overlay-color":"","overlay-opacity":"","overlay-gradient":""}},"ast-content-background-meta":{"desktop":{"background-color":"var(--ast-global-color-4)","background-image":"","background-repeat":"repeat","background-position":"center center","background-size":"auto","background-attachment":"scroll","background-type":"","background-media":"","overlay-type":"","overlay-color":"","overlay-opacity":"","overlay-gradient":""},"tablet":{"background-color":"var(--ast-global-color-4)","background-image":"","background-repeat":"repeat","background-position":"center center","background-size":"auto","background-attachment":"scroll","background-type":"","background-media":"","overlay-type":"","overlay-color":"","overlay-opacity":"","overlay-gradient":""},"mobile":{"background-color":"var(--ast-global-color-4)","background-image":"","background-repeat":"repeat","background-position":"center center","background-size":"auto","background-attachment":"scroll","background-type":"","background-media":"","overlay-type":"","overlay-color":"","overlay-opacity":"","overlay-gradient":""}},"advanced_seo_description":"","jetpack_seo_html_title":"","jetpack_seo_noindex":false,"jetpack_seo_schema_type":"","_jetpack_newsletter_access":"","_jetpack_dont_email_post_to_subs":false,"_jetpack_newsletter_tier_id":0,"_jetpack_memberships_contains_paywalled_content":false,"_wpcom_ai_launchpad_first_post":false,"_jetpack_feature_clip_id":0,"_jetpack_memberships_contains_paid_content":false,"footnotes":"","jetpack_post_was_ever_published":false},"categories":[77613941],"tags":[],"class_list":["post-2238","post","type-post","status-publish","format-standard","hentry","category-tidindi"],"uagb_featured_image_src":{"full":false,"thumbnail":false,"medium":false,"medium_large":false,"large":false,"1536x1536":false,"2048x2048":false,"trp-custom-language-flag":false,"newspack-article-block-landscape-large":false,"newspack-article-block-portrait-large":false,"newspack-article-block-square-large":false,"newspack-article-block-landscape-medium":false,"newspack-article-block-portrait-medium":false,"newspack-article-block-square-medium":false,"newspack-article-block-landscape-intermediate":false,"newspack-article-block-portrait-intermediate":false,"newspack-article-block-square-intermediate":false,"newspack-article-block-landscape-small":false,"newspack-article-block-portrait-small":false,"newspack-article-block-square-small":false,"newspack-article-block-landscape-tiny":false,"newspack-article-block-portrait-tiny":false,"newspack-article-block-square-tiny":false,"newspack-article-block-uncropped":false,"mailpoet_newsletter_max":false,"woocommerce_thumbnail":false,"woocommerce_single":false,"woocommerce_gallery_thumbnail":false},"uagb_author_info":{"display_name":"unijoh","author_link":"https:\/\/lgbt.fo\/en\/author\/unijoh\/"},"uagb_comment_info":1,"uagb_excerpt":"F\u00e1a samkyndir f\u00f8royingar innivist \u00ed hj\u00fanabandsl\u00f3gini \u00ed F\u00f8royum, so er ta\u00f0 ikki fyrstu fer\u00f0, at hj\u00fanabandsl\u00f3gin ver\u00f0ur\u00a0broytt her \u00e1 landi. [&hellip;]","jetpack_sharing_enabled":true,"jetpack_shortlink":"https:\/\/wp.me\/pgp3sg-A6","jetpack_featured_media_url":"","_links":{"self":[{"href":"https:\/\/lgbt.fo\/en\/wp-json\/wp\/v2\/posts\/2238","targetHints":{"allow":["GET"]}}],"collection":[{"href":"https:\/\/lgbt.fo\/en\/wp-json\/wp\/v2\/posts"}],"about":[{"href":"https:\/\/lgbt.fo\/en\/wp-json\/wp\/v2\/types\/post"}],"author":[{"embeddable":true,"href":"https:\/\/lgbt.fo\/en\/wp-json\/wp\/v2\/users\/182137770"}],"replies":[{"embeddable":true,"href":"https:\/\/lgbt.fo\/en\/wp-json\/wp\/v2\/comments?post=2238"}],"version-history":[{"count":0,"href":"https:\/\/lgbt.fo\/en\/wp-json\/wp\/v2\/posts\/2238\/revisions"}],"wp:attachment":[{"href":"https:\/\/lgbt.fo\/en\/wp-json\/wp\/v2\/media?parent=2238"}],"wp:term":[{"taxonomy":"category","embeddable":true,"href":"https:\/\/lgbt.fo\/en\/wp-json\/wp\/v2\/categories?post=2238"},{"taxonomy":"post_tag","embeddable":true,"href":"https:\/\/lgbt.fo\/en\/wp-json\/wp\/v2\/tags?post=2238"}],"curies":[{"name":"wp","href":"https:\/\/api.w.org\/{rel}","templated":true}]}}